{"id":20744,"date":"2021-04-16T12:55:58","date_gmt":"2021-04-16T10:55:58","guid":{"rendered":"https:\/\/csma.es\/?p=20744"},"modified":"2021-04-16T12:55:58","modified_gmt":"2021-04-16T10:55:58","slug":"voids-statement-sounds-miercoles-21-de-abril","status":"publish","type":"post","link":"https:\/\/csma.es\/en\/noticias\/voids-statement-sounds-miercoles-21-de-abril\/","title":{"rendered":"VOIDS\/STATEMENT SOUNDS- MI\u00c9RCOLES 21 DE ABRIL"},"content":{"rendered":"<p>Proyecto experimental que nos proponen desde la asignatura Lenguaje y T\u00e9cnicas de la M\u00fasica Contempor\u00e1nea.<\/p>\n<p>Coordinaci\u00f3n: Llu\u00efsa Espigol\u00e9<\/p>\n<p>Mi\u00e9rcoles 21 de abril de 2021, de 10:00 a 20:00, Aula 111 (Asistencia exclusivamente autorizada a la comunidad CSMA)<\/p>\n<p>&nbsp;<\/p>\n<p style=\"text-align: center;\"><strong>NOTAS AL PROGRAMA<\/strong><\/p>\n<p>&nbsp;<\/p>\n<p><em><strong>VOIDS\u00a0<\/strong><\/em><\/p>\n<p style=\"text-align: justify;\">\nIniciado durante el confinamiento por la crisis del COVID-19, VOIDS es un proyecto que surge de la necesidad personal de crear espacios vac\u00edos dentro del incesante flujo de actividades y del paradigma de \u201chacer cosas sin parar\u201d que ni siquiera una situaci\u00f3n as\u00ed ha conseguido detener ni cuestionar.<\/p>\n<p style=\"text-align: justify;\">\nVOIDS se plantea como una serie de \u201canti-composiciones\u201d realizadas a partir del vaciado y agujereado de otras obras. Su \u00fanica propuesta es la de interrumpir un determinado flujo sonoro y reemplazarlo por vac\u00edos desde los que reflexionar acerca de lo que los circunda, de su interrupci\u00f3n o, simplemente, detenerse en el no-hacer.<\/p>\n<p style=\"text-align: justify;\">\nCada una de las obras puede concebirse para ser sonada\/vaciada en su formato instrumental original (de manera privada o en p\u00fablico), como experiencia para ser imaginada desde su graf\u00eda o, simplemente, como un testimonio inmaterial de su tiempo.<\/p>\n<p>&nbsp;<\/p>\n<p style=\"text-align: right;\">Alberto Bernal<\/p>\n<p><em><strong>SOUND STATEMENTS<\/strong><\/em><\/p>\n<p style=\"text-align: justify;\">\nDe igual manera que podemos pensar en la instalaci\u00f3n sonora como una obra de tiempo infinitamente grande, \u00bfpodr\u00edamos concebir un fen\u00f3meno musical o sonoro de tiempo infinitamente peque\u00f1o? \u00bfQu\u00e9 dimensiones podr\u00eda tener ese tiempo, ese instante? \u00bfQu\u00e9 consecuencias (y posibilidades) tendr\u00eda para la obra y para su escucha?<\/p>\n<p style=\"text-align: justify;\">\nEn cierto sentido, ser\u00eda como querer inventar la fotograf\u00eda a partir del cine, a trav\u00e9s de la congelaci\u00f3n de instantes habitualmente experimentados como tiempo continuo. Se tratar\u00eda de intentar crear una experiencia musical del instante.<\/p>\n<p style=\"text-align: justify;\">\nSi en la instalaci\u00f3n sonora la dilataci\u00f3n del tiempo act\u00faa tambi\u00e9n como dilatadora de la percepci\u00f3n del sonido (posibilitando as\u00ed la irrupci\u00f3n de otros elementos), \u00bfpodr\u00edamos pensar que la contracci\u00f3n del tiempo en un instante actuar\u00eda a la vez como un magnificador del contenido y todas sus implicaciones est\u00e9ticas o metaest\u00e9ticas?<\/p>\n<p style=\"text-align: justify;\">\nAl viejo paradigma est\u00e9tico-musical de la diversidad podr\u00eda opon\u00e9rsele as\u00ed un hacer sobre la po\u00e9tica de lo \u201cuno\u201d, no ya \u00fanicamente como \u201cuno\u201d material que encuentra su variedad en la diferenciaci\u00f3n perceptiva que a\u00f1ade el tiempo, sino un \u201cuno\u201d material que ocurre en un \u00fanico \u201cuno\u201d temporal.<\/p>\n<p style=\"text-align: justify;\">\nEl \u201cstatement\u201d sonoro se muestra as\u00ed como una obra-instante en la que lo expuesto se presenta con la contundencia de una fuerza comprimida en un instante, con la radical singularidad y contingencia de las cosas que s\u00f3lo suceden una vez.<\/p>\n<p style=\"text-align: right;\">\nAlberto Bernal<\/p>\n","protected":false},"excerpt":{"rendered":"<p>Proyecto experimental que nos proponen desde la asignatura Lenguaje y T\u00e9cnicas de la M\u00fasica Contempor\u00e1nea. Coordinaci\u00f3n: Llu\u00efsa Espigol\u00e9 Mi\u00e9rcoles 21 de abril de 2021, de&#8230;<\/p>\n","protected":false},"author":3,"featured_media":20745,"comment_status":"open","ping_status":"open","sticky":false,"template":"","format":"standard","meta":{"footnotes":""},"categories":[368],"tags":[],"class_list":["post-20744","post","type-post","status-publish","format-standard","has-post-thumbnail","hentry","category-noticias"],"yoast_head":"<!-- This site is optimized with the Yoast SEO plugin v27.5 - https:\/\/yoast.com\/product\/yoast-seo-wordpress\/ -->\n<title>VOIDS\/STATEMENT SOUNDS- MI\u00c9RCOLES 21 DE ABRIL - CSMA<\/title>\n<meta name=\"robots\" content=\"index, follow, max-snippet:-1, max-image-preview:large, max-video-preview:-1\" \/>\n<link rel=\"canonical\" href=\"https:\/\/csma.es\/noticias\/voids-statement-sounds-miercoles-21-de-abril\/\" \/>\n<meta property=\"og:locale\" content=\"en_US\" \/>\n<meta property=\"og:type\" content=\"article\" \/>\n<meta property=\"og:title\" content=\"VOIDS\/STATEMENT SOUNDS- MI\u00c9RCOLES 21 DE ABRIL - CSMA\" \/>\n<meta property=\"og:description\" content=\"Proyecto experimental que nos proponen desde la asignatura Lenguaje y T\u00e9cnicas de la M\u00fasica Contempor\u00e1nea. Coordinaci\u00f3n: Llu\u00efsa Espigol\u00e9 Mi\u00e9rcoles 21 de abril de 2021, de...\" \/>\n<meta property=\"og:url\" content=\"https:\/\/csma.es\/noticias\/voids-statement-sounds-miercoles-21-de-abril\/\" \/>\n<meta property=\"og:site_name\" content=\"CSMA\" \/>\n<meta property=\"article:publisher\" content=\"https:\/\/www.facebook.com\/CSMAragon\/\" \/>\n<meta property=\"article:published_time\" content=\"2021-04-16T10:55:58+00:00\" \/>\n<meta property=\"og:image\" content=\"https:\/\/csma.es\/wp-content\/uploads\/2021\/04\/PROYECTO-LLUISA_ALBERTO-BERNAL.jpg\" \/>\n\t<meta property=\"og:image:width\" content=\"960\" \/>\n\t<meta property=\"og:image:height\" content=\"540\" \/>\n\t<meta property=\"og:image:type\" content=\"image\/jpeg\" \/>\n<meta name=\"author\" content=\"TICS CSMA\" \/>\n<meta name=\"twitter:card\" content=\"summary_large_image\" \/>\n<meta name=\"twitter:creator\" content=\"@csmaconser\" \/>\n<meta name=\"twitter:site\" content=\"@csmaconser\" \/>\n<meta name=\"twitter:label1\" content=\"Written by\" \/>\n\t<meta name=\"twitter:data1\" content=\"TICS CSMA\" \/>\n\t<meta name=\"twitter:label2\" content=\"Est. reading time\" \/>\n\t<meta name=\"twitter:data2\" content=\"2 minutes\" \/>\n<script type=\"application\/ld+json\" class=\"yoast-schema-graph\">{\"@context\":\"https:\\\/\\\/schema.org\",\"@graph\":[{\"@type\":\"Article\",\"@id\":\"https:\\\/\\\/csma.es\\\/noticias\\\/voids-statement-sounds-miercoles-21-de-abril\\\/#article\",\"isPartOf\":{\"@id\":\"https:\\\/\\\/csma.es\\\/noticias\\\/voids-statement-sounds-miercoles-21-de-abril\\\/\"},\"author\":{\"name\":\"TICS CSMA\",\"@id\":\"https:\\\/\\\/csma.es\\\/#\\\/schema\\\/person\\\/dd9e345cd1ec5925a5e8927a0cb3fc69\"},\"headline\":\"VOIDS\\\/STATEMENT SOUNDS- MI\u00c9RCOLES 21 DE ABRIL\",\"datePublished\":\"2021-04-16T10:55:58+00:00\",\"mainEntityOfPage\":{\"@id\":\"https:\\\/\\\/csma.es\\\/noticias\\\/voids-statement-sounds-miercoles-21-de-abril\\\/\"},\"wordCount\":453,\"commentCount\":0,\"publisher\":{\"@id\":\"https:\\\/\\\/csma.es\\\/#organization\"},\"image\":{\"@id\":\"https:\\\/\\\/csma.es\\\/noticias\\\/voids-statement-sounds-miercoles-21-de-abril\\\/#primaryimage\"},\"thumbnailUrl\":\"https:\\\/\\\/csma.es\\\/wp-content\\\/uploads\\\/2021\\\/04\\\/PROYECTO-LLUISA_ALBERTO-BERNAL.jpg\",\"articleSection\":[\"Noticias\"],\"inLanguage\":\"en-US\",\"potentialAction\":[{\"@type\":\"CommentAction\",\"name\":\"Comment\",\"target\":[\"https:\\\/\\\/csma.es\\\/noticias\\\/voids-statement-sounds-miercoles-21-de-abril\\\/#respond\"]}]},{\"@type\":\"WebPage\",\"@id\":\"https:\\\/\\\/csma.es\\\/noticias\\\/voids-statement-sounds-miercoles-21-de-abril\\\/\",\"url\":\"https:\\\/\\\/csma.es\\\/noticias\\\/voids-statement-sounds-miercoles-21-de-abril\\\/\",\"name\":\"VOIDS\\\/STATEMENT SOUNDS- MI\u00c9RCOLES 21 DE ABRIL - CSMA\",\"isPartOf\":{\"@id\":\"https:\\\/\\\/csma.es\\\/#website\"},\"primaryImageOfPage\":{\"@id\":\"https:\\\/\\\/csma.es\\\/noticias\\\/voids-statement-sounds-miercoles-21-de-abril\\\/#primaryimage\"},\"image\":{\"@id\":\"https:\\\/\\\/csma.es\\\/noticias\\\/voids-statement-sounds-miercoles-21-de-abril\\\/#primaryimage\"},\"thumbnailUrl\":\"https:\\\/\\\/csma.es\\\/wp-content\\\/uploads\\\/2021\\\/04\\\/PROYECTO-LLUISA_ALBERTO-BERNAL.jpg\",\"datePublished\":\"2021-04-16T10:55:58+00:00\",\"breadcrumb\":{\"@id\":\"https:\\\/\\\/csma.es\\\/noticias\\\/voids-statement-sounds-miercoles-21-de-abril\\\/#breadcrumb\"},\"inLanguage\":\"en-US\",\"potentialAction\":[{\"@type\":\"ReadAction\",\"target\":[\"https:\\\/\\\/csma.es\\\/noticias\\\/voids-statement-sounds-miercoles-21-de-abril\\\/\"]}]},{\"@type\":\"ImageObject\",\"inLanguage\":\"en-US\",\"@id\":\"https:\\\/\\\/csma.es\\\/noticias\\\/voids-statement-sounds-miercoles-21-de-abril\\\/#primaryimage\",\"url\":\"https:\\\/\\\/csma.es\\\/wp-content\\\/uploads\\\/2021\\\/04\\\/PROYECTO-LLUISA_ALBERTO-BERNAL.jpg\",\"contentUrl\":\"https:\\\/\\\/csma.es\\\/wp-content\\\/uploads\\\/2021\\\/04\\\/PROYECTO-LLUISA_ALBERTO-BERNAL.jpg\",\"width\":960,\"height\":540},{\"@type\":\"BreadcrumbList\",\"@id\":\"https:\\\/\\\/csma.es\\\/noticias\\\/voids-statement-sounds-miercoles-21-de-abril\\\/#breadcrumb\",\"itemListElement\":[{\"@type\":\"ListItem\",\"position\":1,\"name\":\"Portada\",\"item\":\"https:\\\/\\\/csma.es\\\/en\\\/\"},{\"@type\":\"ListItem\",\"position\":2,\"name\":\"VOIDS\\\/STATEMENT SOUNDS- MI\u00c9RCOLES 21 DE ABRIL\"}]},{\"@type\":\"WebSite\",\"@id\":\"https:\\\/\\\/csma.es\\\/#website\",\"url\":\"https:\\\/\\\/csma.es\\\/\",\"name\":\"CSMA\",\"description\":\"Conservatorio Superior de M\u00fasica de Arag\u00f3n\",\"publisher\":{\"@id\":\"https:\\\/\\\/csma.es\\\/#organization\"},\"potentialAction\":[{\"@type\":\"SearchAction\",\"target\":{\"@type\":\"EntryPoint\",\"urlTemplate\":\"https:\\\/\\\/csma.es\\\/?s={search_term_string}\"},\"query-input\":{\"@type\":\"PropertyValueSpecification\",\"valueRequired\":true,\"valueName\":\"search_term_string\"}}],\"inLanguage\":\"en-US\"},{\"@type\":\"Organization\",\"@id\":\"https:\\\/\\\/csma.es\\\/#organization\",\"name\":\"Conservatorio Superior de M\u00fasica de Arag\u00f3n\",\"url\":\"https:\\\/\\\/csma.es\\\/\",\"logo\":{\"@type\":\"ImageObject\",\"inLanguage\":\"en-US\",\"@id\":\"https:\\\/\\\/csma.es\\\/#\\\/schema\\\/logo\\\/image\\\/\",\"url\":\"https:\\\/\\\/csma.es\\\/wp-content\\\/uploads\\\/2025\\\/04\\\/cropped-logo-csma-40anos-vertical-sintexto-positivo.png\",\"contentUrl\":\"https:\\\/\\\/csma.es\\\/wp-content\\\/uploads\\\/2025\\\/04\\\/cropped-logo-csma-40anos-vertical-sintexto-positivo.png\",\"width\":512,\"height\":512,\"caption\":\"Conservatorio Superior de M\u00fasica de Arag\u00f3n\"},\"image\":{\"@id\":\"https:\\\/\\\/csma.es\\\/#\\\/schema\\\/logo\\\/image\\\/\"},\"sameAs\":[\"https:\\\/\\\/www.facebook.com\\\/CSMAragon\\\/\",\"https:\\\/\\\/x.com\\\/csmaconser\",\"https:\\\/\\\/www.instagram.com\\\/csmaragon\\\/\",\"https:\\\/\\\/www.youtube.com\\\/channel\\\/UCcsLLtgZJUhz11-3Aj1sv3w\"]},{\"@type\":\"Person\",\"@id\":\"https:\\\/\\\/csma.es\\\/#\\\/schema\\\/person\\\/dd9e345cd1ec5925a5e8927a0cb3fc69\",\"name\":\"TICS CSMA\"}]}<\/script>\n<!-- \/ Yoast SEO plugin. -->","yoast_head_json":{"title":"VOIDS\/STATEMENT SOUNDS- MI\u00c9RCOLES 21 DE ABRIL - CSMA","robots":{"index":"index","follow":"follow","max-snippet":"max-snippet:-1","max-image-preview":"max-image-preview:large","max-video-preview":"max-video-preview:-1"},"canonical":"https:\/\/csma.es\/noticias\/voids-statement-sounds-miercoles-21-de-abril\/","og_locale":"en_US","og_type":"article","og_title":"VOIDS\/STATEMENT SOUNDS- MI\u00c9RCOLES 21 DE ABRIL - CSMA","og_description":"Proyecto experimental que nos proponen desde la asignatura Lenguaje y T\u00e9cnicas de la M\u00fasica Contempor\u00e1nea. Coordinaci\u00f3n: Llu\u00efsa Espigol\u00e9 Mi\u00e9rcoles 21 de abril de 2021, de...","og_url":"https:\/\/csma.es\/noticias\/voids-statement-sounds-miercoles-21-de-abril\/","og_site_name":"CSMA","article_publisher":"https:\/\/www.facebook.com\/CSMAragon\/","article_published_time":"2021-04-16T10:55:58+00:00","og_image":[{"width":960,"height":540,"url":"https:\/\/csma.es\/wp-content\/uploads\/2021\/04\/PROYECTO-LLUISA_ALBERTO-BERNAL.jpg","type":"image\/jpeg"}],"author":"TICS CSMA","twitter_card":"summary_large_image","twitter_creator":"@csmaconser","twitter_site":"@csmaconser","twitter_misc":{"Written by":"TICS CSMA","Est. reading time":"2 minutes"},"schema":{"@context":"https:\/\/schema.org","@graph":[{"@type":"Article","@id":"https:\/\/csma.es\/noticias\/voids-statement-sounds-miercoles-21-de-abril\/#article","isPartOf":{"@id":"https:\/\/csma.es\/noticias\/voids-statement-sounds-miercoles-21-de-abril\/"},"author":{"name":"TICS CSMA","@id":"https:\/\/csma.es\/#\/schema\/person\/dd9e345cd1ec5925a5e8927a0cb3fc69"},"headline":"VOIDS\/STATEMENT SOUNDS- MI\u00c9RCOLES 21 DE ABRIL","datePublished":"2021-04-16T10:55:58+00:00","mainEntityOfPage":{"@id":"https:\/\/csma.es\/noticias\/voids-statement-sounds-miercoles-21-de-abril\/"},"wordCount":453,"commentCount":0,"publisher":{"@id":"https:\/\/csma.es\/#organization"},"image":{"@id":"https:\/\/csma.es\/noticias\/voids-statement-sounds-miercoles-21-de-abril\/#primaryimage"},"thumbnailUrl":"https:\/\/csma.es\/wp-content\/uploads\/2021\/04\/PROYECTO-LLUISA_ALBERTO-BERNAL.jpg","articleSection":["Noticias"],"inLanguage":"en-US","potentialAction":[{"@type":"CommentAction","name":"Comment","target":["https:\/\/csma.es\/noticias\/voids-statement-sounds-miercoles-21-de-abril\/#respond"]}]},{"@type":"WebPage","@id":"https:\/\/csma.es\/noticias\/voids-statement-sounds-miercoles-21-de-abril\/","url":"https:\/\/csma.es\/noticias\/voids-statement-sounds-miercoles-21-de-abril\/","name":"VOIDS\/STATEMENT SOUNDS- MI\u00c9RCOLES 21 DE ABRIL - CSMA","isPartOf":{"@id":"https:\/\/csma.es\/#website"},"primaryImageOfPage":{"@id":"https:\/\/csma.es\/noticias\/voids-statement-sounds-miercoles-21-de-abril\/#primaryimage"},"image":{"@id":"https:\/\/csma.es\/noticias\/voids-statement-sounds-miercoles-21-de-abril\/#primaryimage"},"thumbnailUrl":"https:\/\/csma.es\/wp-content\/uploads\/2021\/04\/PROYECTO-LLUISA_ALBERTO-BERNAL.jpg","datePublished":"2021-04-16T10:55:58+00:00","breadcrumb":{"@id":"https:\/\/csma.es\/noticias\/voids-statement-sounds-miercoles-21-de-abril\/#breadcrumb"},"inLanguage":"en-US","potentialAction":[{"@type":"ReadAction","target":["https:\/\/csma.es\/noticias\/voids-statement-sounds-miercoles-21-de-abril\/"]}]},{"@type":"ImageObject","inLanguage":"en-US","@id":"https:\/\/csma.es\/noticias\/voids-statement-sounds-miercoles-21-de-abril\/#primaryimage","url":"https:\/\/csma.es\/wp-content\/uploads\/2021\/04\/PROYECTO-LLUISA_ALBERTO-BERNAL.jpg","contentUrl":"https:\/\/csma.es\/wp-content\/uploads\/2021\/04\/PROYECTO-LLUISA_ALBERTO-BERNAL.jpg","width":960,"height":540},{"@type":"BreadcrumbList","@id":"https:\/\/csma.es\/noticias\/voids-statement-sounds-miercoles-21-de-abril\/#breadcrumb","itemListElement":[{"@type":"ListItem","position":1,"name":"Portada","item":"https:\/\/csma.es\/en\/"},{"@type":"ListItem","position":2,"name":"VOIDS\/STATEMENT SOUNDS- MI\u00c9RCOLES 21 DE ABRIL"}]},{"@type":"WebSite","@id":"https:\/\/csma.es\/#website","url":"https:\/\/csma.es\/","name":"CSMA","description":"Conservatorio Superior de M\u00fasica de Arag\u00f3n","publisher":{"@id":"https:\/\/csma.es\/#organization"},"potentialAction":[{"@type":"SearchAction","target":{"@type":"EntryPoint","urlTemplate":"https:\/\/csma.es\/?s={search_term_string}"},"query-input":{"@type":"PropertyValueSpecification","valueRequired":true,"valueName":"search_term_string"}}],"inLanguage":"en-US"},{"@type":"Organization","@id":"https:\/\/csma.es\/#organization","name":"Conservatorio Superior de M\u00fasica de Arag\u00f3n","url":"https:\/\/csma.es\/","logo":{"@type":"ImageObject","inLanguage":"en-US","@id":"https:\/\/csma.es\/#\/schema\/logo\/image\/","url":"https:\/\/csma.es\/wp-content\/uploads\/2025\/04\/cropped-logo-csma-40anos-vertical-sintexto-positivo.png","contentUrl":"https:\/\/csma.es\/wp-content\/uploads\/2025\/04\/cropped-logo-csma-40anos-vertical-sintexto-positivo.png","width":512,"height":512,"caption":"Conservatorio Superior de M\u00fasica de Arag\u00f3n"},"image":{"@id":"https:\/\/csma.es\/#\/schema\/logo\/image\/"},"sameAs":["https:\/\/www.facebook.com\/CSMAragon\/","https:\/\/x.com\/csmaconser","https:\/\/www.instagram.com\/csmaragon\/","https:\/\/www.youtube.com\/channel\/UCcsLLtgZJUhz11-3Aj1sv3w"]},{"@type":"Person","@id":"https:\/\/csma.es\/#\/schema\/person\/dd9e345cd1ec5925a5e8927a0cb3fc69","name":"TICS CSMA"}]}},"publishpress_future_action":{"enabled":false,"date":"2026-05-07 21:57:04","action":"change-status","newStatus":"draft","terms":[],"taxonomy":"category","extraData":[]},"publishpress_future_workflow_manual_trigger":{"enabledWorkflows":[]},"_links":{"self":[{"href":"https:\/\/csma.es\/en\/wp-json\/wp\/v2\/posts\/20744","targetHints":{"allow":["GET"]}}],"collection":[{"href":"https:\/\/csma.es\/en\/wp-json\/wp\/v2\/posts"}],"about":[{"href":"https:\/\/csma.es\/en\/wp-json\/wp\/v2\/types\/post"}],"author":[{"embeddable":true,"href":"https:\/\/csma.es\/en\/wp-json\/wp\/v2\/users\/3"}],"replies":[{"embeddable":true,"href":"https:\/\/csma.es\/en\/wp-json\/wp\/v2\/comments?post=20744"}],"version-history":[{"count":0,"href":"https:\/\/csma.es\/en\/wp-json\/wp\/v2\/posts\/20744\/revisions"}],"wp:featuredmedia":[{"embeddable":true,"href":"https:\/\/csma.es\/en\/wp-json\/wp\/v2\/media\/20745"}],"wp:attachment":[{"href":"https:\/\/csma.es\/en\/wp-json\/wp\/v2\/media?parent=20744"}],"wp:term":[{"taxonomy":"category","embeddable":true,"href":"https:\/\/csma.es\/en\/wp-json\/wp\/v2\/categories?post=20744"},{"taxonomy":"post_tag","embeddable":true,"href":"https:\/\/csma.es\/en\/wp-json\/wp\/v2\/tags?post=20744"}],"curies":[{"name":"wp","href":"https:\/\/api.w.org\/{rel}","templated":true}]}}