{"id":19507,"date":"2021-03-07T22:41:09","date_gmt":"2021-03-07T21:41:09","guid":{"rendered":"https:\/\/csma.es\/?p=19507"},"modified":"2021-03-07T22:41:09","modified_gmt":"2021-03-07T21:41:09","slug":"dante-700-concurso-internacional-de-composicion","status":"publish","type":"post","link":"https:\/\/csma.es\/en\/noticias\/dante-700-concurso-internacional-de-composicion\/","title":{"rendered":"DANTE 700: CONCURSO INTERNACIONAL DE COMPOSICI\u00d3N"},"content":{"rendered":"<div id=\"page-header\" class=\"header-style-dark\" data-imgready=\"true\">\n<div class=\"remove-menu-padding remove-menu-padding-mobile header-wrapper header-uncode-block\">\n<div id=\"row-114921\" class=\"vc_row style-color-wayh-bg row-container with-kburns with-parallax\" data-parent=\"true\" data-section=\"0\">\n<div class=\"row-background background-element\">\n<div class=\"background-wrapper\">\n<div class=\"block-bg-overlay style-color-wayh-bg\">En el a\u00f1o dantesco del 700 aniversario de la muerte del gran poeta, la <strong>C\u00e1mara Instrumental &#8220;Citt\u00e0 di Prato&#8221;<\/strong>\u00a0y la\u00a0<strong>Orquesta Filarm\u00f3nica de Florencia &#8220;La Filharmonie&#8221;<\/strong>\u00a0, convocan un concurso internacional de composici\u00f3n sinf\u00f3nica.\u00a0El proyecto tiene como objetivo estimular y promover las energ\u00edas creativas en el campo de la composici\u00f3n orquestal centr\u00e1ndose en la figura y la poes\u00eda de Dante Alighieri.<\/div>\n<\/div>\n<\/div>\n<\/div>\n<\/div>\n<\/div>\n<article id=\"post-89369\" class=\"page-body style-color-xsdn-bg post-89369 page type-page status-publish hentry\">\n<div class=\"post-wrapper\">\n<div class=\"post-body\">\n<div class=\"post-content un-no-sidebar-layout\">\n<div id=\"row-447336\" class=\"vc_row row-container\" data-parent=\"true\" data-section=\"2\">\n<div class=\"row single-top-padding double-bottom-padding single-h-padding limit-width row-parent\" data-height-ratio=\"50\" data-imgready=\"true\">\n<div class=\"wpb_row row-inner\">\n<div class=\"wpb_column pos-middle pos-center align_center column_parent col-lg-12 single-internal-gutter\">\n<div class=\"uncol style-light\">\n<div class=\"uncoltable\">\n<div class=\"uncell\">\n<div class=\"uncont no-block-padding col-custom-width\">\n<div class=\"uncode_text_column text-lead\">\n<p>La partitura a concurso debe estar inspirada en la Divina Comedia, inspir\u00e1ndose libremente en una figura, una imagen, un personaje o una selecci\u00f3n de versos.\u00a0El concurso, abierto a compositores de todas las nacionalidades y sin l\u00edmite de edad, prev\u00e9 la composici\u00f3n de una pieza sinf\u00f3nica de una duraci\u00f3n m\u00e1xima de 15 minutos.\u00a0Un prestigioso jurado internacional seguir\u00e1 las fases de evaluaci\u00f3n, selecci\u00f3n y adjudicaci\u00f3n de las composiciones.\u00a0Las tres partituras seleccionadas para la fase final ser\u00e1n escuchadas por el jurado en una actuaci\u00f3n p\u00fablica con el fin de determinar el ganador.<\/p>\n<p>Las tres composiciones ser\u00e1n interpretadas y grabadas durante las pr\u00f3ximas temporadas de conciertos de la Camerata Strumentale Citt\u00e0 di Prato y La Filharmonie y transmitidas por Rete Toscana Classica.<\/p>\n<p>El ganador del concurso recibir\u00e1 un\u00a0<strong>premio de 5000<\/strong>\u00a0euros y su pieza ser\u00e1 publicada en la\u00a0<strong>serie Stilnovo<\/strong>\u00a0promovida por Edizioni Musicali Curci en Mil\u00e1n y por el Comit\u00e9 Nacional de M\u00fasica de Italia del CIDIM.\u00a0Este \u00faltimo organismo producir\u00e1 y distribuir\u00e1 internacionalmente a la red de Institutos Culturales Italianos de MAECI el video del concierto en el que la C\u00e1mara Instrumental de Prato y la Filharmonie Orchestra Filarmonica de Florencia interpretar\u00e1n las composiciones finalistas.<\/p>\n<\/div>\n<\/div>\n<\/div>\n<\/div>\n<\/div>\n<p><a href=\"http:\/\/www.lafilharmonie.com\" target=\"_blank\" rel=\"noopener noreferrer\">www.lafilharmonie.com<\/a><\/p>\n<p>&nbsp;<\/p>\n<\/div>\n<\/div>\n<\/div>\n<\/div>\n<\/div>\n<\/div>\n<\/div>\n<\/article>\n","protected":false},"excerpt":{"rendered":"<p>En el a\u00f1o dantesco del 700 aniversario de la muerte del gran poeta, la C\u00e1mara Instrumental &#8220;Citt\u00e0 di Prato&#8221;\u00a0y la\u00a0Orquesta Filarm\u00f3nica de Florencia &#8220;La Filharmonie&#8221;\u00a0,&#8230;<\/p>\n","protected":false},"author":3,"featured_media":19506,"comment_status":"open","ping_status":"open","sticky":false,"template":"","format":"standard","meta":{"footnotes":""},"categories":[368],"tags":[],"class_list":["post-19507","post","type-post","status-publish","format-standard","has-post-thumbnail","hentry","category-noticias"],"yoast_head":"<!-- This site is optimized with the Yoast SEO plugin v27.5 - https:\/\/yoast.com\/product\/yoast-seo-wordpress\/ -->\n<title>DANTE 700: CONCURSO INTERNACIONAL DE COMPOSICI\u00d3N - CSMA<\/title>\n<meta name=\"robots\" content=\"index, follow, max-snippet:-1, max-image-preview:large, max-video-preview:-1\" \/>\n<link rel=\"canonical\" href=\"https:\/\/csma.es\/noticias\/dante-700-concurso-internacional-de-composicion\/\" \/>\n<meta property=\"og:locale\" content=\"en_US\" \/>\n<meta property=\"og:type\" content=\"article\" \/>\n<meta property=\"og:title\" content=\"DANTE 700: CONCURSO INTERNACIONAL DE COMPOSICI\u00d3N - CSMA\" \/>\n<meta property=\"og:description\" content=\"En el a\u00f1o dantesco del 700 aniversario de la muerte del gran poeta, la C\u00e1mara Instrumental &#8220;Citt\u00e0 di Prato&#8221;\u00a0y la\u00a0Orquesta Filarm\u00f3nica de Florencia &#8220;La Filharmonie&#8221;\u00a0,...\" \/>\n<meta property=\"og:url\" content=\"https:\/\/csma.es\/noticias\/dante-700-concurso-internacional-de-composicion\/\" \/>\n<meta property=\"og:site_name\" content=\"CSMA\" \/>\n<meta property=\"article:publisher\" content=\"https:\/\/www.facebook.com\/CSMAragon\/\" \/>\n<meta property=\"article:published_time\" content=\"2021-03-07T21:41:09+00:00\" \/>\n<meta property=\"og:image\" content=\"https:\/\/csma.es\/wp-content\/uploads\/2021\/03\/DANTE-700-CONCURSO.jpg\" \/>\n\t<meta property=\"og:image:width\" content=\"1080\" \/>\n\t<meta property=\"og:image:height\" content=\"1080\" \/>\n\t<meta property=\"og:image:type\" content=\"image\/jpeg\" \/>\n<meta name=\"author\" content=\"TICS CSMA\" \/>\n<meta name=\"twitter:card\" content=\"summary_large_image\" \/>\n<meta name=\"twitter:creator\" content=\"@csmaconser\" \/>\n<meta name=\"twitter:site\" content=\"@csmaconser\" \/>\n<meta name=\"twitter:label1\" content=\"Written by\" \/>\n\t<meta name=\"twitter:data1\" content=\"TICS CSMA\" \/>\n\t<meta name=\"twitter:label2\" content=\"Est. reading time\" \/>\n\t<meta name=\"twitter:data2\" content=\"1 minute\" \/>\n<script type=\"application\/ld+json\" class=\"yoast-schema-graph\">{\"@context\":\"https:\\\/\\\/schema.org\",\"@graph\":[{\"@type\":\"Article\",\"@id\":\"https:\\\/\\\/csma.es\\\/noticias\\\/dante-700-concurso-internacional-de-composicion\\\/#article\",\"isPartOf\":{\"@id\":\"https:\\\/\\\/csma.es\\\/noticias\\\/dante-700-concurso-internacional-de-composicion\\\/\"},\"author\":{\"name\":\"TICS CSMA\",\"@id\":\"https:\\\/\\\/csma.es\\\/#\\\/schema\\\/person\\\/dd9e345cd1ec5925a5e8927a0cb3fc69\"},\"headline\":\"DANTE 700: CONCURSO INTERNACIONAL DE COMPOSICI\u00d3N\",\"datePublished\":\"2021-03-07T21:41:09+00:00\",\"mainEntityOfPage\":{\"@id\":\"https:\\\/\\\/csma.es\\\/noticias\\\/dante-700-concurso-internacional-de-composicion\\\/\"},\"wordCount\":294,\"commentCount\":0,\"publisher\":{\"@id\":\"https:\\\/\\\/csma.es\\\/#organization\"},\"image\":{\"@id\":\"https:\\\/\\\/csma.es\\\/noticias\\\/dante-700-concurso-internacional-de-composicion\\\/#primaryimage\"},\"thumbnailUrl\":\"https:\\\/\\\/csma.es\\\/wp-content\\\/uploads\\\/2021\\\/03\\\/DANTE-700-CONCURSO.jpg\",\"articleSection\":[\"Noticias\"],\"inLanguage\":\"en-US\",\"potentialAction\":[{\"@type\":\"CommentAction\",\"name\":\"Comment\",\"target\":[\"https:\\\/\\\/csma.es\\\/noticias\\\/dante-700-concurso-internacional-de-composicion\\\/#respond\"]}]},{\"@type\":\"WebPage\",\"@id\":\"https:\\\/\\\/csma.es\\\/noticias\\\/dante-700-concurso-internacional-de-composicion\\\/\",\"url\":\"https:\\\/\\\/csma.es\\\/noticias\\\/dante-700-concurso-internacional-de-composicion\\\/\",\"name\":\"DANTE 700: CONCURSO INTERNACIONAL DE COMPOSICI\u00d3N - CSMA\",\"isPartOf\":{\"@id\":\"https:\\\/\\\/csma.es\\\/#website\"},\"primaryImageOfPage\":{\"@id\":\"https:\\\/\\\/csma.es\\\/noticias\\\/dante-700-concurso-internacional-de-composicion\\\/#primaryimage\"},\"image\":{\"@id\":\"https:\\\/\\\/csma.es\\\/noticias\\\/dante-700-concurso-internacional-de-composicion\\\/#primaryimage\"},\"thumbnailUrl\":\"https:\\\/\\\/csma.es\\\/wp-content\\\/uploads\\\/2021\\\/03\\\/DANTE-700-CONCURSO.jpg\",\"datePublished\":\"2021-03-07T21:41:09+00:00\",\"breadcrumb\":{\"@id\":\"https:\\\/\\\/csma.es\\\/noticias\\\/dante-700-concurso-internacional-de-composicion\\\/#breadcrumb\"},\"inLanguage\":\"en-US\",\"potentialAction\":[{\"@type\":\"ReadAction\",\"target\":[\"https:\\\/\\\/csma.es\\\/noticias\\\/dante-700-concurso-internacional-de-composicion\\\/\"]}]},{\"@type\":\"ImageObject\",\"inLanguage\":\"en-US\",\"@id\":\"https:\\\/\\\/csma.es\\\/noticias\\\/dante-700-concurso-internacional-de-composicion\\\/#primaryimage\",\"url\":\"https:\\\/\\\/csma.es\\\/wp-content\\\/uploads\\\/2021\\\/03\\\/DANTE-700-CONCURSO.jpg\",\"contentUrl\":\"https:\\\/\\\/csma.es\\\/wp-content\\\/uploads\\\/2021\\\/03\\\/DANTE-700-CONCURSO.jpg\",\"width\":1080,\"height\":1080},{\"@type\":\"BreadcrumbList\",\"@id\":\"https:\\\/\\\/csma.es\\\/noticias\\\/dante-700-concurso-internacional-de-composicion\\\/#breadcrumb\",\"itemListElement\":[{\"@type\":\"ListItem\",\"position\":1,\"name\":\"Portada\",\"item\":\"https:\\\/\\\/csma.es\\\/en\\\/\"},{\"@type\":\"ListItem\",\"position\":2,\"name\":\"DANTE 700: CONCURSO INTERNACIONAL DE COMPOSICI\u00d3N\"}]},{\"@type\":\"WebSite\",\"@id\":\"https:\\\/\\\/csma.es\\\/#website\",\"url\":\"https:\\\/\\\/csma.es\\\/\",\"name\":\"CSMA\",\"description\":\"Conservatorio Superior de M\u00fasica de Arag\u00f3n\",\"publisher\":{\"@id\":\"https:\\\/\\\/csma.es\\\/#organization\"},\"potentialAction\":[{\"@type\":\"SearchAction\",\"target\":{\"@type\":\"EntryPoint\",\"urlTemplate\":\"https:\\\/\\\/csma.es\\\/?s={search_term_string}\"},\"query-input\":{\"@type\":\"PropertyValueSpecification\",\"valueRequired\":true,\"valueName\":\"search_term_string\"}}],\"inLanguage\":\"en-US\"},{\"@type\":\"Organization\",\"@id\":\"https:\\\/\\\/csma.es\\\/#organization\",\"name\":\"Conservatorio Superior de M\u00fasica de Arag\u00f3n\",\"url\":\"https:\\\/\\\/csma.es\\\/\",\"logo\":{\"@type\":\"ImageObject\",\"inLanguage\":\"en-US\",\"@id\":\"https:\\\/\\\/csma.es\\\/#\\\/schema\\\/logo\\\/image\\\/\",\"url\":\"https:\\\/\\\/csma.es\\\/wp-content\\\/uploads\\\/2025\\\/04\\\/cropped-logo-csma-40anos-vertical-sintexto-positivo.png\",\"contentUrl\":\"https:\\\/\\\/csma.es\\\/wp-content\\\/uploads\\\/2025\\\/04\\\/cropped-logo-csma-40anos-vertical-sintexto-positivo.png\",\"width\":512,\"height\":512,\"caption\":\"Conservatorio Superior de M\u00fasica de Arag\u00f3n\"},\"image\":{\"@id\":\"https:\\\/\\\/csma.es\\\/#\\\/schema\\\/logo\\\/image\\\/\"},\"sameAs\":[\"https:\\\/\\\/www.facebook.com\\\/CSMAragon\\\/\",\"https:\\\/\\\/x.com\\\/csmaconser\",\"https:\\\/\\\/www.instagram.com\\\/csmaragon\\\/\",\"https:\\\/\\\/www.youtube.com\\\/channel\\\/UCcsLLtgZJUhz11-3Aj1sv3w\"]},{\"@type\":\"Person\",\"@id\":\"https:\\\/\\\/csma.es\\\/#\\\/schema\\\/person\\\/dd9e345cd1ec5925a5e8927a0cb3fc69\",\"name\":\"TICS CSMA\"}]}<\/script>\n<!-- \/ Yoast SEO plugin. -->","yoast_head_json":{"title":"DANTE 700: CONCURSO INTERNACIONAL DE COMPOSICI\u00d3N - CSMA","robots":{"index":"index","follow":"follow","max-snippet":"max-snippet:-1","max-image-preview":"max-image-preview:large","max-video-preview":"max-video-preview:-1"},"canonical":"https:\/\/csma.es\/noticias\/dante-700-concurso-internacional-de-composicion\/","og_locale":"en_US","og_type":"article","og_title":"DANTE 700: CONCURSO INTERNACIONAL DE COMPOSICI\u00d3N - CSMA","og_description":"En el a\u00f1o dantesco del 700 aniversario de la muerte del gran poeta, la C\u00e1mara Instrumental &#8220;Citt\u00e0 di Prato&#8221;\u00a0y la\u00a0Orquesta Filarm\u00f3nica de Florencia &#8220;La Filharmonie&#8221;\u00a0,...","og_url":"https:\/\/csma.es\/noticias\/dante-700-concurso-internacional-de-composicion\/","og_site_name":"CSMA","article_publisher":"https:\/\/www.facebook.com\/CSMAragon\/","article_published_time":"2021-03-07T21:41:09+00:00","og_image":[{"width":1080,"height":1080,"url":"https:\/\/csma.es\/wp-content\/uploads\/2021\/03\/DANTE-700-CONCURSO.jpg","type":"image\/jpeg"}],"author":"TICS CSMA","twitter_card":"summary_large_image","twitter_creator":"@csmaconser","twitter_site":"@csmaconser","twitter_misc":{"Written by":"TICS CSMA","Est. reading time":"1 minute"},"schema":{"@context":"https:\/\/schema.org","@graph":[{"@type":"Article","@id":"https:\/\/csma.es\/noticias\/dante-700-concurso-internacional-de-composicion\/#article","isPartOf":{"@id":"https:\/\/csma.es\/noticias\/dante-700-concurso-internacional-de-composicion\/"},"author":{"name":"TICS CSMA","@id":"https:\/\/csma.es\/#\/schema\/person\/dd9e345cd1ec5925a5e8927a0cb3fc69"},"headline":"DANTE 700: CONCURSO INTERNACIONAL DE COMPOSICI\u00d3N","datePublished":"2021-03-07T21:41:09+00:00","mainEntityOfPage":{"@id":"https:\/\/csma.es\/noticias\/dante-700-concurso-internacional-de-composicion\/"},"wordCount":294,"commentCount":0,"publisher":{"@id":"https:\/\/csma.es\/#organization"},"image":{"@id":"https:\/\/csma.es\/noticias\/dante-700-concurso-internacional-de-composicion\/#primaryimage"},"thumbnailUrl":"https:\/\/csma.es\/wp-content\/uploads\/2021\/03\/DANTE-700-CONCURSO.jpg","articleSection":["Noticias"],"inLanguage":"en-US","potentialAction":[{"@type":"CommentAction","name":"Comment","target":["https:\/\/csma.es\/noticias\/dante-700-concurso-internacional-de-composicion\/#respond"]}]},{"@type":"WebPage","@id":"https:\/\/csma.es\/noticias\/dante-700-concurso-internacional-de-composicion\/","url":"https:\/\/csma.es\/noticias\/dante-700-concurso-internacional-de-composicion\/","name":"DANTE 700: CONCURSO INTERNACIONAL DE COMPOSICI\u00d3N - CSMA","isPartOf":{"@id":"https:\/\/csma.es\/#website"},"primaryImageOfPage":{"@id":"https:\/\/csma.es\/noticias\/dante-700-concurso-internacional-de-composicion\/#primaryimage"},"image":{"@id":"https:\/\/csma.es\/noticias\/dante-700-concurso-internacional-de-composicion\/#primaryimage"},"thumbnailUrl":"https:\/\/csma.es\/wp-content\/uploads\/2021\/03\/DANTE-700-CONCURSO.jpg","datePublished":"2021-03-07T21:41:09+00:00","breadcrumb":{"@id":"https:\/\/csma.es\/noticias\/dante-700-concurso-internacional-de-composicion\/#breadcrumb"},"inLanguage":"en-US","potentialAction":[{"@type":"ReadAction","target":["https:\/\/csma.es\/noticias\/dante-700-concurso-internacional-de-composicion\/"]}]},{"@type":"ImageObject","inLanguage":"en-US","@id":"https:\/\/csma.es\/noticias\/dante-700-concurso-internacional-de-composicion\/#primaryimage","url":"https:\/\/csma.es\/wp-content\/uploads\/2021\/03\/DANTE-700-CONCURSO.jpg","contentUrl":"https:\/\/csma.es\/wp-content\/uploads\/2021\/03\/DANTE-700-CONCURSO.jpg","width":1080,"height":1080},{"@type":"BreadcrumbList","@id":"https:\/\/csma.es\/noticias\/dante-700-concurso-internacional-de-composicion\/#breadcrumb","itemListElement":[{"@type":"ListItem","position":1,"name":"Portada","item":"https:\/\/csma.es\/en\/"},{"@type":"ListItem","position":2,"name":"DANTE 700: CONCURSO INTERNACIONAL DE COMPOSICI\u00d3N"}]},{"@type":"WebSite","@id":"https:\/\/csma.es\/#website","url":"https:\/\/csma.es\/","name":"CSMA","description":"Conservatorio Superior de M\u00fasica de Arag\u00f3n","publisher":{"@id":"https:\/\/csma.es\/#organization"},"potentialAction":[{"@type":"SearchAction","target":{"@type":"EntryPoint","urlTemplate":"https:\/\/csma.es\/?s={search_term_string}"},"query-input":{"@type":"PropertyValueSpecification","valueRequired":true,"valueName":"search_term_string"}}],"inLanguage":"en-US"},{"@type":"Organization","@id":"https:\/\/csma.es\/#organization","name":"Conservatorio Superior de M\u00fasica de Arag\u00f3n","url":"https:\/\/csma.es\/","logo":{"@type":"ImageObject","inLanguage":"en-US","@id":"https:\/\/csma.es\/#\/schema\/logo\/image\/","url":"https:\/\/csma.es\/wp-content\/uploads\/2025\/04\/cropped-logo-csma-40anos-vertical-sintexto-positivo.png","contentUrl":"https:\/\/csma.es\/wp-content\/uploads\/2025\/04\/cropped-logo-csma-40anos-vertical-sintexto-positivo.png","width":512,"height":512,"caption":"Conservatorio Superior de M\u00fasica de Arag\u00f3n"},"image":{"@id":"https:\/\/csma.es\/#\/schema\/logo\/image\/"},"sameAs":["https:\/\/www.facebook.com\/CSMAragon\/","https:\/\/x.com\/csmaconser","https:\/\/www.instagram.com\/csmaragon\/","https:\/\/www.youtube.com\/channel\/UCcsLLtgZJUhz11-3Aj1sv3w"]},{"@type":"Person","@id":"https:\/\/csma.es\/#\/schema\/person\/dd9e345cd1ec5925a5e8927a0cb3fc69","name":"TICS CSMA"}]}},"publishpress_future_action":{"enabled":false,"date":"2026-05-07 07:21:44","action":"change-status","newStatus":"draft","terms":[],"taxonomy":"category","extraData":[]},"publishpress_future_workflow_manual_trigger":{"enabledWorkflows":[]},"_links":{"self":[{"href":"https:\/\/csma.es\/en\/wp-json\/wp\/v2\/posts\/19507","targetHints":{"allow":["GET"]}}],"collection":[{"href":"https:\/\/csma.es\/en\/wp-json\/wp\/v2\/posts"}],"about":[{"href":"https:\/\/csma.es\/en\/wp-json\/wp\/v2\/types\/post"}],"author":[{"embeddable":true,"href":"https:\/\/csma.es\/en\/wp-json\/wp\/v2\/users\/3"}],"replies":[{"embeddable":true,"href":"https:\/\/csma.es\/en\/wp-json\/wp\/v2\/comments?post=19507"}],"version-history":[{"count":0,"href":"https:\/\/csma.es\/en\/wp-json\/wp\/v2\/posts\/19507\/revisions"}],"wp:featuredmedia":[{"embeddable":true,"href":"https:\/\/csma.es\/en\/wp-json\/wp\/v2\/media\/19506"}],"wp:attachment":[{"href":"https:\/\/csma.es\/en\/wp-json\/wp\/v2\/media?parent=19507"}],"wp:term":[{"taxonomy":"category","embeddable":true,"href":"https:\/\/csma.es\/en\/wp-json\/wp\/v2\/categories?post=19507"},{"taxonomy":"post_tag","embeddable":true,"href":"https:\/\/csma.es\/en\/wp-json\/wp\/v2\/tags?post=19507"}],"curies":[{"name":"wp","href":"https:\/\/api.w.org\/{rel}","templated":true}]}}