{"id":18515,"date":"2020-04-02T20:21:21","date_gmt":"2020-04-02T18:21:21","guid":{"rendered":"https:\/\/csma.es\/?p=18515"},"modified":"2020-04-02T20:34:49","modified_gmt":"2020-04-02T18:34:49","slug":"la-musica-en-tiempos-del-colera","status":"publish","type":"post","link":"https:\/\/csma.es\/en\/noticias\/la-musica-en-tiempos-del-colera\/","title":{"rendered":"LA M\u00daSICA, EN TIEMPOS DEL C\u00d3LERA"},"content":{"rendered":"<div id=\"js_4y\" class=\"_5pbx userContent _3576\" data-testid=\"post_message\" data-ft=\"{&quot;tn&quot;:&quot;K&quot;}\">\n<p>El profesor del CSMA y violinista en el Cuarteto Quiroga <strong>Cibr\u00e1n Sierra,<\/strong> publica este art\u00edculo en el especial COVID-19 de la revista <a class=\"profileLink\" href=\"https:\/\/www.facebook.com\/Scherzo.es\/?__tn__=K-R&amp;eid=ARDKS_xk5FMiOJRJk-Az9v610GORJaFLjsBGxQbLG0ez8ULdDdOBACu_yt12TwMTfGYe7Zob8GOlQxCK&amp;fref=mentions&amp;__xts__%5B0%5D=68.ARDTU5sYaJRg5REYV3WcIUxoKEDKwBCOvtw-UXjQhsstnDQfW6ErBa2fe232FWhyBT5SqM3cG0DEXmU_SnIJkGWRNUrh2WV6A-_FIfbe8WqHLxKhzu9RFwxulnlOWA-WUecOv4zUkauRHrVY9zdAnG42ImhVbRifBvKFQlkPyJATcH1EUzHAf6GPvb0rpNu5U2MgJ8oHtbOLcAyIoz00q72HFGl4Ls_StKIfEGEpIpU2GrDyXUpBRIxz-DgZRZ_lCLlUKC_qzgLXhfBMPEMeC9_NQXe5DRy3W01NUtwNQSOPXNrN6VV8391PDz6-vnZtcMWUknMkYUfeJwyb6g\" data-hovercard=\"\/ajax\/hovercard\/page.php?id=464851393556788&amp;extragetparams=%7B%22__tn__%22%3A%22%2CdK-R-R%22%2C%22eid%22%3A%22ARDKS_xk5FMiOJRJk-Az9v610GORJaFLjsBGxQbLG0ez8ULdDdOBACu_yt12TwMTfGYe7Zob8GOlQxCK%22%2C%22fref%22%3A%22mentions%22%7D\" data-hovercard-prefer-more-content-show=\"1\">Scherzo<\/a>, que este mes es de descarga gratuita en\u00a0<a href=\"https:\/\/scherzo.es\/\" target=\"_blank\" rel=\"noopener nofollow noreferrer\" data-ft=\"{&quot;tn&quot;:&quot;-U&quot;}\" data-lynx-mode=\"async\" data-lynx-uri=\"https:\/\/l.facebook.com\/l.php?u=http%3A%2F%2Fwww.scherzo.es%2F%3Ffbclid%3DIwAR0jcOl90hiG6BoWSb5zr1baRHYdAMW8rYHLlujs22UN2xqhYClroj1tlnA&amp;h=AT184c9qqglFoUyOithSTgi3ym-vjPl0VJoo81Qx2JVHlrhnA-1-pCsnxe6fZLq3mIGAFcHo8aO4oevk9lYAjdKc6dmJQijtC8lgpdy8lFH72jPHDYutBrjzwgZuPUIk__FJuMHmX5cF12TK7ciAGPUQf1GS3y6iXuNZKlIXSgbjLAwjFDDFEZWe7QUhONaJrOigoUSrs73uReHOFqN7rFvGbWNtJaU-PcMTwsJjpcH3UHSxN-cLbqKuzdbnK3BPy-7mzuiDf65q0OdIcZQpXI6FB91u45DI_YtE7bM0Fl9CSbfLei405z18UIFk-ALkliQPqTKHMZHnSWo4xlu912vrnubd95iZs2_5pcLkWv5yTwnN0GyAuQyFgCavtaDfJnjdA-y7_ZpUwtYVu0RcDzgsT0GDa_XPR-C_Ww7iQJUzPkCMl3h6ti9THbbLJb8rHUaLIJtb076WqAldW9PSPNYsDHozAzZ_ALsS1hz3S77XfvrRtuSAuq9MbbyAEkoNBo6kICRfkqSOUPltjVeHimzO-JFb3PEeP7t2taFf7oPv_pTy6NGtmzzmAXw6zwPzL3tiDeogqQzJjO_Igri29Izjc27YxF2xOhJPykzaJeSfg2Zepm_7jg\">www.scherzo.es.<\/a> Como dice el art\u00edculo &#8220;En nuestro mundo, el de la m\u00fasica y las dem\u00e1s artes esc\u00e9nicas, esta crisis debe servir de revulsivo para evitar que el duro golpe mute en estocada fatal (&#8230;) Somos m\u00fasicos, s\u00ed, pero ante todo somos ciudadanos, habitamos en la polis y por tanto debemos adquirir una actitud pol\u00edtica para asegurarle un futuro a nuestra profesi\u00f3n que garantice la transmisi\u00f3n social de sus mensajes \u00e9ticos y est\u00e9ticos.&#8221; Os invitamos a leer el art\u00edculo \u00edntegro: <a href=\"https:\/\/scherzo.es\/wp-content\/uploads\/2020\/03\/Scherzo_361-Abril20.pdf\">https:\/\/scherzo.es\/wp-content\/uploads\/2020\/03\/Scherzo_361-Abril20.pdf<\/a> (p\u00e1g. 38)<\/p>\n<\/div>\n<div class=\"_3x-2\" data-ft=\"{&quot;tn&quot;:&quot;H&quot;}\">\n<div data-ft=\"{&quot;tn&quot;:&quot;H&quot;}\">\n<div class=\"mtm\">\n<div>\n<div class=\"_1ktf\" data-ft=\"{&quot;tn&quot;:&quot;E&quot;}\"><\/div>\n<\/div>\n<\/div>\n<\/div>\n<\/div>\n","protected":false},"excerpt":{"rendered":"<p>El profesor del CSMA y violinista en el Cuarteto Quiroga Cibr\u00e1n Sierra, publica este art\u00edculo en el especial COVID-19 de la revista Scherzo, que este&#8230;<\/p>\n","protected":false},"author":3,"featured_media":18522,"comment_status":"open","ping_status":"open","sticky":false,"template":"","format":"standard","meta":{"footnotes":""},"categories":[368],"tags":[],"class_list":["post-18515","post","type-post","status-publish","format-standard","has-post-thumbnail","hentry","category-noticias"],"yoast_head":"<!-- This site is optimized with the Yoast SEO plugin v27.4 - https:\/\/yoast.com\/product\/yoast-seo-wordpress\/ -->\n<title>LA M\u00daSICA, EN TIEMPOS DEL C\u00d3LERA - CSMA<\/title>\n<meta name=\"robots\" content=\"index, follow, max-snippet:-1, max-image-preview:large, max-video-preview:-1\" \/>\n<link rel=\"canonical\" href=\"https:\/\/csma.es\/noticias\/la-musica-en-tiempos-del-colera\/\" \/>\n<meta property=\"og:locale\" content=\"en_US\" \/>\n<meta property=\"og:type\" content=\"article\" \/>\n<meta property=\"og:title\" content=\"LA M\u00daSICA, EN TIEMPOS DEL C\u00d3LERA - CSMA\" \/>\n<meta property=\"og:description\" content=\"El profesor del CSMA y violinista en el Cuarteto Quiroga Cibr\u00e1n Sierra, publica este art\u00edculo en el especial COVID-19 de la revista Scherzo, que este...\" \/>\n<meta property=\"og:url\" content=\"https:\/\/csma.es\/noticias\/la-musica-en-tiempos-del-colera\/\" \/>\n<meta property=\"og:site_name\" content=\"CSMA\" \/>\n<meta property=\"article:publisher\" content=\"https:\/\/www.facebook.com\/CSMAragon\/\" \/>\n<meta property=\"article:published_time\" content=\"2020-04-02T18:21:21+00:00\" \/>\n<meta property=\"article:modified_time\" content=\"2020-04-02T18:34:49+00:00\" \/>\n<meta property=\"og:image\" content=\"https:\/\/csma.es\/wp-content\/uploads\/2020\/04\/CIBR\u00c1N-6.jpg\" \/>\n\t<meta property=\"og:image:width\" content=\"1277\" \/>\n\t<meta property=\"og:image:height\" content=\"467\" \/>\n\t<meta property=\"og:image:type\" content=\"image\/jpeg\" \/>\n<meta name=\"author\" content=\"TICS CSMA\" \/>\n<meta name=\"twitter:card\" content=\"summary_large_image\" \/>\n<meta name=\"twitter:creator\" content=\"@csmaconser\" \/>\n<meta name=\"twitter:site\" content=\"@csmaconser\" \/>\n<meta name=\"twitter:label1\" content=\"Written by\" \/>\n\t<meta name=\"twitter:data1\" content=\"TICS CSMA\" \/>\n\t<meta name=\"twitter:label2\" content=\"Est. reading time\" \/>\n\t<meta name=\"twitter:data2\" content=\"1 minute\" \/>\n<script type=\"application\/ld+json\" class=\"yoast-schema-graph\">{\"@context\":\"https:\\\/\\\/schema.org\",\"@graph\":[{\"@type\":\"Article\",\"@id\":\"https:\\\/\\\/csma.es\\\/noticias\\\/la-musica-en-tiempos-del-colera\\\/#article\",\"isPartOf\":{\"@id\":\"https:\\\/\\\/csma.es\\\/noticias\\\/la-musica-en-tiempos-del-colera\\\/\"},\"author\":{\"name\":\"TICS CSMA\",\"@id\":\"https:\\\/\\\/csma.es\\\/#\\\/schema\\\/person\\\/dd9e345cd1ec5925a5e8927a0cb3fc69\"},\"headline\":\"LA M\u00daSICA, EN TIEMPOS DEL C\u00d3LERA\",\"datePublished\":\"2020-04-02T18:21:21+00:00\",\"dateModified\":\"2020-04-02T18:34:49+00:00\",\"mainEntityOfPage\":{\"@id\":\"https:\\\/\\\/csma.es\\\/noticias\\\/la-musica-en-tiempos-del-colera\\\/\"},\"wordCount\":141,\"commentCount\":0,\"publisher\":{\"@id\":\"https:\\\/\\\/csma.es\\\/#organization\"},\"image\":{\"@id\":\"https:\\\/\\\/csma.es\\\/noticias\\\/la-musica-en-tiempos-del-colera\\\/#primaryimage\"},\"thumbnailUrl\":\"https:\\\/\\\/csma.es\\\/wp-content\\\/uploads\\\/2020\\\/04\\\/CIBR\u00c1N-6.jpg\",\"articleSection\":[\"Noticias\"],\"inLanguage\":\"en-US\",\"potentialAction\":[{\"@type\":\"CommentAction\",\"name\":\"Comment\",\"target\":[\"https:\\\/\\\/csma.es\\\/noticias\\\/la-musica-en-tiempos-del-colera\\\/#respond\"]}]},{\"@type\":\"WebPage\",\"@id\":\"https:\\\/\\\/csma.es\\\/noticias\\\/la-musica-en-tiempos-del-colera\\\/\",\"url\":\"https:\\\/\\\/csma.es\\\/noticias\\\/la-musica-en-tiempos-del-colera\\\/\",\"name\":\"LA M\u00daSICA, EN TIEMPOS DEL C\u00d3LERA - CSMA\",\"isPartOf\":{\"@id\":\"https:\\\/\\\/csma.es\\\/#website\"},\"primaryImageOfPage\":{\"@id\":\"https:\\\/\\\/csma.es\\\/noticias\\\/la-musica-en-tiempos-del-colera\\\/#primaryimage\"},\"image\":{\"@id\":\"https:\\\/\\\/csma.es\\\/noticias\\\/la-musica-en-tiempos-del-colera\\\/#primaryimage\"},\"thumbnailUrl\":\"https:\\\/\\\/csma.es\\\/wp-content\\\/uploads\\\/2020\\\/04\\\/CIBR\u00c1N-6.jpg\",\"datePublished\":\"2020-04-02T18:21:21+00:00\",\"dateModified\":\"2020-04-02T18:34:49+00:00\",\"breadcrumb\":{\"@id\":\"https:\\\/\\\/csma.es\\\/noticias\\\/la-musica-en-tiempos-del-colera\\\/#breadcrumb\"},\"inLanguage\":\"en-US\",\"potentialAction\":[{\"@type\":\"ReadAction\",\"target\":[\"https:\\\/\\\/csma.es\\\/noticias\\\/la-musica-en-tiempos-del-colera\\\/\"]}]},{\"@type\":\"ImageObject\",\"inLanguage\":\"en-US\",\"@id\":\"https:\\\/\\\/csma.es\\\/noticias\\\/la-musica-en-tiempos-del-colera\\\/#primaryimage\",\"url\":\"https:\\\/\\\/csma.es\\\/wp-content\\\/uploads\\\/2020\\\/04\\\/CIBR\u00c1N-6.jpg\",\"contentUrl\":\"https:\\\/\\\/csma.es\\\/wp-content\\\/uploads\\\/2020\\\/04\\\/CIBR\u00c1N-6.jpg\",\"width\":1277,\"height\":467},{\"@type\":\"BreadcrumbList\",\"@id\":\"https:\\\/\\\/csma.es\\\/noticias\\\/la-musica-en-tiempos-del-colera\\\/#breadcrumb\",\"itemListElement\":[{\"@type\":\"ListItem\",\"position\":1,\"name\":\"Portada\",\"item\":\"https:\\\/\\\/csma.es\\\/en\\\/\"},{\"@type\":\"ListItem\",\"position\":2,\"name\":\"LA M\u00daSICA, EN TIEMPOS DEL C\u00d3LERA\"}]},{\"@type\":\"WebSite\",\"@id\":\"https:\\\/\\\/csma.es\\\/#website\",\"url\":\"https:\\\/\\\/csma.es\\\/\",\"name\":\"CSMA\",\"description\":\"Conservatorio Superior de M\u00fasica de Arag\u00f3n\",\"publisher\":{\"@id\":\"https:\\\/\\\/csma.es\\\/#organization\"},\"potentialAction\":[{\"@type\":\"SearchAction\",\"target\":{\"@type\":\"EntryPoint\",\"urlTemplate\":\"https:\\\/\\\/csma.es\\\/?s={search_term_string}\"},\"query-input\":{\"@type\":\"PropertyValueSpecification\",\"valueRequired\":true,\"valueName\":\"search_term_string\"}}],\"inLanguage\":\"en-US\"},{\"@type\":\"Organization\",\"@id\":\"https:\\\/\\\/csma.es\\\/#organization\",\"name\":\"Conservatorio Superior de M\u00fasica de Arag\u00f3n\",\"url\":\"https:\\\/\\\/csma.es\\\/\",\"logo\":{\"@type\":\"ImageObject\",\"inLanguage\":\"en-US\",\"@id\":\"https:\\\/\\\/csma.es\\\/#\\\/schema\\\/logo\\\/image\\\/\",\"url\":\"https:\\\/\\\/csma.es\\\/wp-content\\\/uploads\\\/2025\\\/04\\\/cropped-logo-csma-40anos-vertical-sintexto-positivo.png\",\"contentUrl\":\"https:\\\/\\\/csma.es\\\/wp-content\\\/uploads\\\/2025\\\/04\\\/cropped-logo-csma-40anos-vertical-sintexto-positivo.png\",\"width\":512,\"height\":512,\"caption\":\"Conservatorio Superior de M\u00fasica de Arag\u00f3n\"},\"image\":{\"@id\":\"https:\\\/\\\/csma.es\\\/#\\\/schema\\\/logo\\\/image\\\/\"},\"sameAs\":[\"https:\\\/\\\/www.facebook.com\\\/CSMAragon\\\/\",\"https:\\\/\\\/x.com\\\/csmaconser\",\"https:\\\/\\\/www.instagram.com\\\/csmaragon\\\/\",\"https:\\\/\\\/www.youtube.com\\\/channel\\\/UCcsLLtgZJUhz11-3Aj1sv3w\"]},{\"@type\":\"Person\",\"@id\":\"https:\\\/\\\/csma.es\\\/#\\\/schema\\\/person\\\/dd9e345cd1ec5925a5e8927a0cb3fc69\",\"name\":\"TICS CSMA\"}]}<\/script>\n<!-- \/ Yoast SEO plugin. -->","yoast_head_json":{"title":"LA M\u00daSICA, EN TIEMPOS DEL C\u00d3LERA - CSMA","robots":{"index":"index","follow":"follow","max-snippet":"max-snippet:-1","max-image-preview":"max-image-preview:large","max-video-preview":"max-video-preview:-1"},"canonical":"https:\/\/csma.es\/noticias\/la-musica-en-tiempos-del-colera\/","og_locale":"en_US","og_type":"article","og_title":"LA M\u00daSICA, EN TIEMPOS DEL C\u00d3LERA - CSMA","og_description":"El profesor del CSMA y violinista en el Cuarteto Quiroga Cibr\u00e1n Sierra, publica este art\u00edculo en el especial COVID-19 de la revista Scherzo, que este...","og_url":"https:\/\/csma.es\/noticias\/la-musica-en-tiempos-del-colera\/","og_site_name":"CSMA","article_publisher":"https:\/\/www.facebook.com\/CSMAragon\/","article_published_time":"2020-04-02T18:21:21+00:00","article_modified_time":"2020-04-02T18:34:49+00:00","og_image":[{"width":1277,"height":467,"url":"https:\/\/csma.es\/wp-content\/uploads\/2020\/04\/CIBR\u00c1N-6.jpg","type":"image\/jpeg"}],"author":"TICS CSMA","twitter_card":"summary_large_image","twitter_creator":"@csmaconser","twitter_site":"@csmaconser","twitter_misc":{"Written by":"TICS CSMA","Est. reading time":"1 minute"},"schema":{"@context":"https:\/\/schema.org","@graph":[{"@type":"Article","@id":"https:\/\/csma.es\/noticias\/la-musica-en-tiempos-del-colera\/#article","isPartOf":{"@id":"https:\/\/csma.es\/noticias\/la-musica-en-tiempos-del-colera\/"},"author":{"name":"TICS CSMA","@id":"https:\/\/csma.es\/#\/schema\/person\/dd9e345cd1ec5925a5e8927a0cb3fc69"},"headline":"LA M\u00daSICA, EN TIEMPOS DEL C\u00d3LERA","datePublished":"2020-04-02T18:21:21+00:00","dateModified":"2020-04-02T18:34:49+00:00","mainEntityOfPage":{"@id":"https:\/\/csma.es\/noticias\/la-musica-en-tiempos-del-colera\/"},"wordCount":141,"commentCount":0,"publisher":{"@id":"https:\/\/csma.es\/#organization"},"image":{"@id":"https:\/\/csma.es\/noticias\/la-musica-en-tiempos-del-colera\/#primaryimage"},"thumbnailUrl":"https:\/\/csma.es\/wp-content\/uploads\/2020\/04\/CIBR\u00c1N-6.jpg","articleSection":["Noticias"],"inLanguage":"en-US","potentialAction":[{"@type":"CommentAction","name":"Comment","target":["https:\/\/csma.es\/noticias\/la-musica-en-tiempos-del-colera\/#respond"]}]},{"@type":"WebPage","@id":"https:\/\/csma.es\/noticias\/la-musica-en-tiempos-del-colera\/","url":"https:\/\/csma.es\/noticias\/la-musica-en-tiempos-del-colera\/","name":"LA M\u00daSICA, EN TIEMPOS DEL C\u00d3LERA - CSMA","isPartOf":{"@id":"https:\/\/csma.es\/#website"},"primaryImageOfPage":{"@id":"https:\/\/csma.es\/noticias\/la-musica-en-tiempos-del-colera\/#primaryimage"},"image":{"@id":"https:\/\/csma.es\/noticias\/la-musica-en-tiempos-del-colera\/#primaryimage"},"thumbnailUrl":"https:\/\/csma.es\/wp-content\/uploads\/2020\/04\/CIBR\u00c1N-6.jpg","datePublished":"2020-04-02T18:21:21+00:00","dateModified":"2020-04-02T18:34:49+00:00","breadcrumb":{"@id":"https:\/\/csma.es\/noticias\/la-musica-en-tiempos-del-colera\/#breadcrumb"},"inLanguage":"en-US","potentialAction":[{"@type":"ReadAction","target":["https:\/\/csma.es\/noticias\/la-musica-en-tiempos-del-colera\/"]}]},{"@type":"ImageObject","inLanguage":"en-US","@id":"https:\/\/csma.es\/noticias\/la-musica-en-tiempos-del-colera\/#primaryimage","url":"https:\/\/csma.es\/wp-content\/uploads\/2020\/04\/CIBR\u00c1N-6.jpg","contentUrl":"https:\/\/csma.es\/wp-content\/uploads\/2020\/04\/CIBR\u00c1N-6.jpg","width":1277,"height":467},{"@type":"BreadcrumbList","@id":"https:\/\/csma.es\/noticias\/la-musica-en-tiempos-del-colera\/#breadcrumb","itemListElement":[{"@type":"ListItem","position":1,"name":"Portada","item":"https:\/\/csma.es\/en\/"},{"@type":"ListItem","position":2,"name":"LA M\u00daSICA, EN TIEMPOS DEL C\u00d3LERA"}]},{"@type":"WebSite","@id":"https:\/\/csma.es\/#website","url":"https:\/\/csma.es\/","name":"CSMA","description":"Conservatorio Superior de M\u00fasica de Arag\u00f3n","publisher":{"@id":"https:\/\/csma.es\/#organization"},"potentialAction":[{"@type":"SearchAction","target":{"@type":"EntryPoint","urlTemplate":"https:\/\/csma.es\/?s={search_term_string}"},"query-input":{"@type":"PropertyValueSpecification","valueRequired":true,"valueName":"search_term_string"}}],"inLanguage":"en-US"},{"@type":"Organization","@id":"https:\/\/csma.es\/#organization","name":"Conservatorio Superior de M\u00fasica de Arag\u00f3n","url":"https:\/\/csma.es\/","logo":{"@type":"ImageObject","inLanguage":"en-US","@id":"https:\/\/csma.es\/#\/schema\/logo\/image\/","url":"https:\/\/csma.es\/wp-content\/uploads\/2025\/04\/cropped-logo-csma-40anos-vertical-sintexto-positivo.png","contentUrl":"https:\/\/csma.es\/wp-content\/uploads\/2025\/04\/cropped-logo-csma-40anos-vertical-sintexto-positivo.png","width":512,"height":512,"caption":"Conservatorio Superior de M\u00fasica de Arag\u00f3n"},"image":{"@id":"https:\/\/csma.es\/#\/schema\/logo\/image\/"},"sameAs":["https:\/\/www.facebook.com\/CSMAragon\/","https:\/\/x.com\/csmaconser","https:\/\/www.instagram.com\/csmaragon\/","https:\/\/www.youtube.com\/channel\/UCcsLLtgZJUhz11-3Aj1sv3w"]},{"@type":"Person","@id":"https:\/\/csma.es\/#\/schema\/person\/dd9e345cd1ec5925a5e8927a0cb3fc69","name":"TICS CSMA"}]}},"publishpress_future_action":{"enabled":false,"date":"2026-05-04 19:00:25","action":"change-status","newStatus":"draft","terms":[],"taxonomy":"category","extraData":[]},"publishpress_future_workflow_manual_trigger":{"enabledWorkflows":[]},"_links":{"self":[{"href":"https:\/\/csma.es\/en\/wp-json\/wp\/v2\/posts\/18515","targetHints":{"allow":["GET"]}}],"collection":[{"href":"https:\/\/csma.es\/en\/wp-json\/wp\/v2\/posts"}],"about":[{"href":"https:\/\/csma.es\/en\/wp-json\/wp\/v2\/types\/post"}],"author":[{"embeddable":true,"href":"https:\/\/csma.es\/en\/wp-json\/wp\/v2\/users\/3"}],"replies":[{"embeddable":true,"href":"https:\/\/csma.es\/en\/wp-json\/wp\/v2\/comments?post=18515"}],"version-history":[{"count":0,"href":"https:\/\/csma.es\/en\/wp-json\/wp\/v2\/posts\/18515\/revisions"}],"wp:featuredmedia":[{"embeddable":true,"href":"https:\/\/csma.es\/en\/wp-json\/wp\/v2\/media\/18522"}],"wp:attachment":[{"href":"https:\/\/csma.es\/en\/wp-json\/wp\/v2\/media?parent=18515"}],"wp:term":[{"taxonomy":"category","embeddable":true,"href":"https:\/\/csma.es\/en\/wp-json\/wp\/v2\/categories?post=18515"},{"taxonomy":"post_tag","embeddable":true,"href":"https:\/\/csma.es\/en\/wp-json\/wp\/v2\/tags?post=18515"}],"curies":[{"name":"wp","href":"https:\/\/api.w.org\/{rel}","templated":true}]}}