{"id":18226,"date":"2020-02-21T09:37:01","date_gmt":"2020-02-21T08:37:01","guid":{"rendered":"https:\/\/csma.es\/?p=18226"},"modified":"2020-02-21T09:37:01","modified_gmt":"2020-02-21T08:37:01","slug":"lets-get-hornies","status":"publish","type":"post","link":"https:\/\/csma.es\/en\/noticias\/lets-get-hornies\/","title":{"rendered":"LET\u00b4S GET HORNIES"},"content":{"rendered":"<p>Dos obras imprescindibles del repertorio de trompa que interpretar\u00e1n nuestros profesores: Anais Romero, Alma Olite, Alberto \u00c1lvarez y Pedro Blanco el pr\u00f3ximo jueves 27 de febrero a las 19:30 en el Auditorio Eduardo del Pueyo. Entrada libre.<\/p>\n<p>&nbsp;<\/p>\n<div>Programa:<\/div>\n<div>\n<ul>\n<li>Concierto para trompa y orquesta n\u00ba4 K.495 en Mib mayor (reducci\u00f3n para trompa y piano) &#8211; W. A. Mozart<\/li>\n<li>\n<ul>\n<li>I. Allegro moderato<\/li>\n<li>II. Romanza. Andante<\/li>\n<li>III. Rondo. Allegro vivace<\/li>\n<\/ul>\n<\/li>\n<\/ul>\n<div>\u00a0 \u00a0 \u00a0 \u00a0 \u00a0 \u00a0 Pedro Blanco, trompa<\/div>\n<div>\u00a0 \u00a0 \u00a0 \u00a0 \u00a0 \u00a0 Alberto \u00c1lvarez, piano<\/div>\n<div><\/div>\n<div>\n<ul>\n<li>Tr\u00edo para viol\u00edn, trompa y piano op. 40 en Mib mayor &#8211; J. Brahms<\/li>\n<li>\n<ul>\n<li>\u00a0I. Andante<\/li>\n<li>II. Scherzo. Allegro<\/li>\n<li>III. Adagio mesto<\/li>\n<li>IV. Finale. Allegro con brio<\/li>\n<\/ul>\n<\/li>\n<\/ul>\n<div>\u00a0 \u00a0 \u00a0 \u00a0 \u00a0 \u00a0 Alma Olite, viol\u00edn<\/div>\n<div>\u00a0 \u00a0 \u00a0 \u00a0 \u00a0 \u00a0 Ana\u00eds Romero, trompa<\/div>\n<div>\u00a0 \u00a0 \u00a0 \u00a0 \u00a0 \u00a0 Alberto \u00c1lvarez, piano<\/div>\n<div><\/div>\n<\/div>\n<div><\/div>\n<\/div>\n","protected":false},"excerpt":{"rendered":"<p>Dos obras imprescindibles del repertorio de trompa que interpretar\u00e1n nuestros profesores: Anais Romero, Alma Olite, Alberto \u00c1lvarez y Pedro Blanco el pr\u00f3ximo jueves 27 de&#8230;<\/p>\n","protected":false},"author":3,"featured_media":18227,"comment_status":"open","ping_status":"open","sticky":false,"template":"","format":"standard","meta":{"footnotes":""},"categories":[368],"tags":[],"class_list":["post-18226","post","type-post","status-publish","format-standard","has-post-thumbnail","hentry","category-noticias"],"yoast_head":"<!-- This site is optimized with the Yoast SEO plugin v27.5 - https:\/\/yoast.com\/product\/yoast-seo-wordpress\/ -->\n<title>LET\u00b4S GET HORNIES - CSMA<\/title>\n<meta name=\"robots\" content=\"index, follow, max-snippet:-1, max-image-preview:large, max-video-preview:-1\" \/>\n<link rel=\"canonical\" href=\"https:\/\/csma.es\/noticias\/lets-get-hornies\/\" \/>\n<meta property=\"og:locale\" content=\"en_US\" \/>\n<meta property=\"og:type\" content=\"article\" \/>\n<meta property=\"og:title\" content=\"LET\u00b4S GET HORNIES - CSMA\" \/>\n<meta property=\"og:description\" content=\"Dos obras imprescindibles del repertorio de trompa que interpretar\u00e1n nuestros profesores: Anais Romero, Alma Olite, Alberto \u00c1lvarez y Pedro Blanco el pr\u00f3ximo jueves 27 de...\" \/>\n<meta property=\"og:url\" content=\"https:\/\/csma.es\/noticias\/lets-get-hornies\/\" \/>\n<meta property=\"og:site_name\" content=\"CSMA\" \/>\n<meta property=\"article:publisher\" content=\"https:\/\/www.facebook.com\/CSMAragon\/\" \/>\n<meta property=\"article:published_time\" content=\"2020-02-21T08:37:01+00:00\" \/>\n<meta property=\"og:image\" content=\"https:\/\/csma.es\/wp-content\/uploads\/2020\/02\/CONCIERTO-PROFES-27-DE-FEBRERO.png\" \/>\n\t<meta property=\"og:image:width\" content=\"716\" \/>\n\t<meta property=\"og:image:height\" content=\"594\" \/>\n\t<meta property=\"og:image:type\" content=\"image\/png\" \/>\n<meta name=\"author\" content=\"TICS CSMA\" \/>\n<meta name=\"twitter:card\" content=\"summary_large_image\" \/>\n<meta name=\"twitter:creator\" content=\"@csmaconser\" \/>\n<meta name=\"twitter:site\" content=\"@csmaconser\" \/>\n<meta name=\"twitter:label1\" content=\"Written by\" \/>\n\t<meta name=\"twitter:data1\" content=\"TICS CSMA\" \/>\n\t<meta name=\"twitter:label2\" content=\"Est. reading time\" \/>\n\t<meta name=\"twitter:data2\" content=\"1 minute\" \/>\n<script type=\"application\/ld+json\" class=\"yoast-schema-graph\">{\"@context\":\"https:\\\/\\\/schema.org\",\"@graph\":[{\"@type\":\"Article\",\"@id\":\"https:\\\/\\\/csma.es\\\/noticias\\\/lets-get-hornies\\\/#article\",\"isPartOf\":{\"@id\":\"https:\\\/\\\/csma.es\\\/noticias\\\/lets-get-hornies\\\/\"},\"author\":{\"name\":\"TICS CSMA\",\"@id\":\"https:\\\/\\\/csma.es\\\/#\\\/schema\\\/person\\\/dd9e345cd1ec5925a5e8927a0cb3fc69\"},\"headline\":\"LET\u00b4S GET HORNIES\",\"datePublished\":\"2020-02-21T08:37:01+00:00\",\"mainEntityOfPage\":{\"@id\":\"https:\\\/\\\/csma.es\\\/noticias\\\/lets-get-hornies\\\/\"},\"wordCount\":118,\"commentCount\":0,\"publisher\":{\"@id\":\"https:\\\/\\\/csma.es\\\/#organization\"},\"image\":{\"@id\":\"https:\\\/\\\/csma.es\\\/noticias\\\/lets-get-hornies\\\/#primaryimage\"},\"thumbnailUrl\":\"https:\\\/\\\/csma.es\\\/wp-content\\\/uploads\\\/2020\\\/02\\\/CONCIERTO-PROFES-27-DE-FEBRERO.png\",\"articleSection\":[\"Noticias\"],\"inLanguage\":\"en-US\",\"potentialAction\":[{\"@type\":\"CommentAction\",\"name\":\"Comment\",\"target\":[\"https:\\\/\\\/csma.es\\\/noticias\\\/lets-get-hornies\\\/#respond\"]}]},{\"@type\":\"WebPage\",\"@id\":\"https:\\\/\\\/csma.es\\\/noticias\\\/lets-get-hornies\\\/\",\"url\":\"https:\\\/\\\/csma.es\\\/noticias\\\/lets-get-hornies\\\/\",\"name\":\"LET\u00b4S GET HORNIES - CSMA\",\"isPartOf\":{\"@id\":\"https:\\\/\\\/csma.es\\\/#website\"},\"primaryImageOfPage\":{\"@id\":\"https:\\\/\\\/csma.es\\\/noticias\\\/lets-get-hornies\\\/#primaryimage\"},\"image\":{\"@id\":\"https:\\\/\\\/csma.es\\\/noticias\\\/lets-get-hornies\\\/#primaryimage\"},\"thumbnailUrl\":\"https:\\\/\\\/csma.es\\\/wp-content\\\/uploads\\\/2020\\\/02\\\/CONCIERTO-PROFES-27-DE-FEBRERO.png\",\"datePublished\":\"2020-02-21T08:37:01+00:00\",\"breadcrumb\":{\"@id\":\"https:\\\/\\\/csma.es\\\/noticias\\\/lets-get-hornies\\\/#breadcrumb\"},\"inLanguage\":\"en-US\",\"potentialAction\":[{\"@type\":\"ReadAction\",\"target\":[\"https:\\\/\\\/csma.es\\\/noticias\\\/lets-get-hornies\\\/\"]}]},{\"@type\":\"ImageObject\",\"inLanguage\":\"en-US\",\"@id\":\"https:\\\/\\\/csma.es\\\/noticias\\\/lets-get-hornies\\\/#primaryimage\",\"url\":\"https:\\\/\\\/csma.es\\\/wp-content\\\/uploads\\\/2020\\\/02\\\/CONCIERTO-PROFES-27-DE-FEBRERO.png\",\"contentUrl\":\"https:\\\/\\\/csma.es\\\/wp-content\\\/uploads\\\/2020\\\/02\\\/CONCIERTO-PROFES-27-DE-FEBRERO.png\",\"width\":716,\"height\":594},{\"@type\":\"BreadcrumbList\",\"@id\":\"https:\\\/\\\/csma.es\\\/noticias\\\/lets-get-hornies\\\/#breadcrumb\",\"itemListElement\":[{\"@type\":\"ListItem\",\"position\":1,\"name\":\"Portada\",\"item\":\"https:\\\/\\\/csma.es\\\/en\\\/\"},{\"@type\":\"ListItem\",\"position\":2,\"name\":\"LET\u00b4S GET HORNIES\"}]},{\"@type\":\"WebSite\",\"@id\":\"https:\\\/\\\/csma.es\\\/#website\",\"url\":\"https:\\\/\\\/csma.es\\\/\",\"name\":\"CSMA\",\"description\":\"Conservatorio Superior de M\u00fasica de Arag\u00f3n\",\"publisher\":{\"@id\":\"https:\\\/\\\/csma.es\\\/#organization\"},\"potentialAction\":[{\"@type\":\"SearchAction\",\"target\":{\"@type\":\"EntryPoint\",\"urlTemplate\":\"https:\\\/\\\/csma.es\\\/?s={search_term_string}\"},\"query-input\":{\"@type\":\"PropertyValueSpecification\",\"valueRequired\":true,\"valueName\":\"search_term_string\"}}],\"inLanguage\":\"en-US\"},{\"@type\":\"Organization\",\"@id\":\"https:\\\/\\\/csma.es\\\/#organization\",\"name\":\"Conservatorio Superior de M\u00fasica de Arag\u00f3n\",\"url\":\"https:\\\/\\\/csma.es\\\/\",\"logo\":{\"@type\":\"ImageObject\",\"inLanguage\":\"en-US\",\"@id\":\"https:\\\/\\\/csma.es\\\/#\\\/schema\\\/logo\\\/image\\\/\",\"url\":\"https:\\\/\\\/csma.es\\\/wp-content\\\/uploads\\\/2025\\\/04\\\/cropped-logo-csma-40anos-vertical-sintexto-positivo.png\",\"contentUrl\":\"https:\\\/\\\/csma.es\\\/wp-content\\\/uploads\\\/2025\\\/04\\\/cropped-logo-csma-40anos-vertical-sintexto-positivo.png\",\"width\":512,\"height\":512,\"caption\":\"Conservatorio Superior de M\u00fasica de Arag\u00f3n\"},\"image\":{\"@id\":\"https:\\\/\\\/csma.es\\\/#\\\/schema\\\/logo\\\/image\\\/\"},\"sameAs\":[\"https:\\\/\\\/www.facebook.com\\\/CSMAragon\\\/\",\"https:\\\/\\\/x.com\\\/csmaconser\",\"https:\\\/\\\/www.instagram.com\\\/csmaragon\\\/\",\"https:\\\/\\\/www.youtube.com\\\/channel\\\/UCcsLLtgZJUhz11-3Aj1sv3w\"]},{\"@type\":\"Person\",\"@id\":\"https:\\\/\\\/csma.es\\\/#\\\/schema\\\/person\\\/dd9e345cd1ec5925a5e8927a0cb3fc69\",\"name\":\"TICS CSMA\"}]}<\/script>\n<!-- \/ Yoast SEO plugin. -->","yoast_head_json":{"title":"LET\u00b4S GET HORNIES - CSMA","robots":{"index":"index","follow":"follow","max-snippet":"max-snippet:-1","max-image-preview":"max-image-preview:large","max-video-preview":"max-video-preview:-1"},"canonical":"https:\/\/csma.es\/noticias\/lets-get-hornies\/","og_locale":"en_US","og_type":"article","og_title":"LET\u00b4S GET HORNIES - CSMA","og_description":"Dos obras imprescindibles del repertorio de trompa que interpretar\u00e1n nuestros profesores: Anais Romero, Alma Olite, Alberto \u00c1lvarez y Pedro Blanco el pr\u00f3ximo jueves 27 de...","og_url":"https:\/\/csma.es\/noticias\/lets-get-hornies\/","og_site_name":"CSMA","article_publisher":"https:\/\/www.facebook.com\/CSMAragon\/","article_published_time":"2020-02-21T08:37:01+00:00","og_image":[{"width":716,"height":594,"url":"https:\/\/csma.es\/wp-content\/uploads\/2020\/02\/CONCIERTO-PROFES-27-DE-FEBRERO.png","type":"image\/png"}],"author":"TICS CSMA","twitter_card":"summary_large_image","twitter_creator":"@csmaconser","twitter_site":"@csmaconser","twitter_misc":{"Written by":"TICS CSMA","Est. reading time":"1 minute"},"schema":{"@context":"https:\/\/schema.org","@graph":[{"@type":"Article","@id":"https:\/\/csma.es\/noticias\/lets-get-hornies\/#article","isPartOf":{"@id":"https:\/\/csma.es\/noticias\/lets-get-hornies\/"},"author":{"name":"TICS CSMA","@id":"https:\/\/csma.es\/#\/schema\/person\/dd9e345cd1ec5925a5e8927a0cb3fc69"},"headline":"LET\u00b4S GET HORNIES","datePublished":"2020-02-21T08:37:01+00:00","mainEntityOfPage":{"@id":"https:\/\/csma.es\/noticias\/lets-get-hornies\/"},"wordCount":118,"commentCount":0,"publisher":{"@id":"https:\/\/csma.es\/#organization"},"image":{"@id":"https:\/\/csma.es\/noticias\/lets-get-hornies\/#primaryimage"},"thumbnailUrl":"https:\/\/csma.es\/wp-content\/uploads\/2020\/02\/CONCIERTO-PROFES-27-DE-FEBRERO.png","articleSection":["Noticias"],"inLanguage":"en-US","potentialAction":[{"@type":"CommentAction","name":"Comment","target":["https:\/\/csma.es\/noticias\/lets-get-hornies\/#respond"]}]},{"@type":"WebPage","@id":"https:\/\/csma.es\/noticias\/lets-get-hornies\/","url":"https:\/\/csma.es\/noticias\/lets-get-hornies\/","name":"LET\u00b4S GET HORNIES - CSMA","isPartOf":{"@id":"https:\/\/csma.es\/#website"},"primaryImageOfPage":{"@id":"https:\/\/csma.es\/noticias\/lets-get-hornies\/#primaryimage"},"image":{"@id":"https:\/\/csma.es\/noticias\/lets-get-hornies\/#primaryimage"},"thumbnailUrl":"https:\/\/csma.es\/wp-content\/uploads\/2020\/02\/CONCIERTO-PROFES-27-DE-FEBRERO.png","datePublished":"2020-02-21T08:37:01+00:00","breadcrumb":{"@id":"https:\/\/csma.es\/noticias\/lets-get-hornies\/#breadcrumb"},"inLanguage":"en-US","potentialAction":[{"@type":"ReadAction","target":["https:\/\/csma.es\/noticias\/lets-get-hornies\/"]}]},{"@type":"ImageObject","inLanguage":"en-US","@id":"https:\/\/csma.es\/noticias\/lets-get-hornies\/#primaryimage","url":"https:\/\/csma.es\/wp-content\/uploads\/2020\/02\/CONCIERTO-PROFES-27-DE-FEBRERO.png","contentUrl":"https:\/\/csma.es\/wp-content\/uploads\/2020\/02\/CONCIERTO-PROFES-27-DE-FEBRERO.png","width":716,"height":594},{"@type":"BreadcrumbList","@id":"https:\/\/csma.es\/noticias\/lets-get-hornies\/#breadcrumb","itemListElement":[{"@type":"ListItem","position":1,"name":"Portada","item":"https:\/\/csma.es\/en\/"},{"@type":"ListItem","position":2,"name":"LET\u00b4S GET HORNIES"}]},{"@type":"WebSite","@id":"https:\/\/csma.es\/#website","url":"https:\/\/csma.es\/","name":"CSMA","description":"Conservatorio Superior de M\u00fasica de Arag\u00f3n","publisher":{"@id":"https:\/\/csma.es\/#organization"},"potentialAction":[{"@type":"SearchAction","target":{"@type":"EntryPoint","urlTemplate":"https:\/\/csma.es\/?s={search_term_string}"},"query-input":{"@type":"PropertyValueSpecification","valueRequired":true,"valueName":"search_term_string"}}],"inLanguage":"en-US"},{"@type":"Organization","@id":"https:\/\/csma.es\/#organization","name":"Conservatorio Superior de M\u00fasica de Arag\u00f3n","url":"https:\/\/csma.es\/","logo":{"@type":"ImageObject","inLanguage":"en-US","@id":"https:\/\/csma.es\/#\/schema\/logo\/image\/","url":"https:\/\/csma.es\/wp-content\/uploads\/2025\/04\/cropped-logo-csma-40anos-vertical-sintexto-positivo.png","contentUrl":"https:\/\/csma.es\/wp-content\/uploads\/2025\/04\/cropped-logo-csma-40anos-vertical-sintexto-positivo.png","width":512,"height":512,"caption":"Conservatorio Superior de M\u00fasica de Arag\u00f3n"},"image":{"@id":"https:\/\/csma.es\/#\/schema\/logo\/image\/"},"sameAs":["https:\/\/www.facebook.com\/CSMAragon\/","https:\/\/x.com\/csmaconser","https:\/\/www.instagram.com\/csmaragon\/","https:\/\/www.youtube.com\/channel\/UCcsLLtgZJUhz11-3Aj1sv3w"]},{"@type":"Person","@id":"https:\/\/csma.es\/#\/schema\/person\/dd9e345cd1ec5925a5e8927a0cb3fc69","name":"TICS CSMA"}]}},"publishpress_future_action":{"enabled":false,"date":"2026-05-07 23:00:37","action":"change-status","newStatus":"draft","terms":[],"taxonomy":"category","extraData":[]},"publishpress_future_workflow_manual_trigger":{"enabledWorkflows":[]},"_links":{"self":[{"href":"https:\/\/csma.es\/en\/wp-json\/wp\/v2\/posts\/18226","targetHints":{"allow":["GET"]}}],"collection":[{"href":"https:\/\/csma.es\/en\/wp-json\/wp\/v2\/posts"}],"about":[{"href":"https:\/\/csma.es\/en\/wp-json\/wp\/v2\/types\/post"}],"author":[{"embeddable":true,"href":"https:\/\/csma.es\/en\/wp-json\/wp\/v2\/users\/3"}],"replies":[{"embeddable":true,"href":"https:\/\/csma.es\/en\/wp-json\/wp\/v2\/comments?post=18226"}],"version-history":[{"count":0,"href":"https:\/\/csma.es\/en\/wp-json\/wp\/v2\/posts\/18226\/revisions"}],"wp:featuredmedia":[{"embeddable":true,"href":"https:\/\/csma.es\/en\/wp-json\/wp\/v2\/media\/18227"}],"wp:attachment":[{"href":"https:\/\/csma.es\/en\/wp-json\/wp\/v2\/media?parent=18226"}],"wp:term":[{"taxonomy":"category","embeddable":true,"href":"https:\/\/csma.es\/en\/wp-json\/wp\/v2\/categories?post=18226"},{"taxonomy":"post_tag","embeddable":true,"href":"https:\/\/csma.es\/en\/wp-json\/wp\/v2\/tags?post=18226"}],"curies":[{"name":"wp","href":"https:\/\/api.w.org\/{rel}","templated":true}]}}