{"id":18216,"date":"2020-02-20T13:01:04","date_gmt":"2020-02-20T12:01:04","guid":{"rendered":"https:\/\/csma.es\/?p=18216"},"modified":"2020-02-20T13:14:05","modified_gmt":"2020-02-20T12:14:05","slug":"el-csma-celebra-15-anos-con-un-ciclo-de-conciertos-15x15","status":"publish","type":"post","link":"https:\/\/csma.es\/en\/noticias\/el-csma-celebra-15-anos-con-un-ciclo-de-conciertos-15x15\/","title":{"rendered":"EL CSMA CELEBRA 15 A\u00d1OS CON UN CICLO DE CONCIERTOS 15X15"},"content":{"rendered":"<p><strong>El Conservatorio Superior de M\u00fasica de Arag\u00f3n celebra el XV aniversario de su nueva sede con un ciclo de conciertos \u201c15 X 15: quince a\u00f1os, quince conciertos\u201d<\/strong><\/p>\n<p><em>Un millar de estudiantes han pasado por el CSMA desde su inauguraci\u00f3n<\/em><\/p>\n<p><em>Ex alumnos del centro educativo forman parte hoy en d\u00eda de orquestas nacionales e internacionales de gran prestigio<\/em><\/p>\n<p><em>Los actos programados constituyen una propuesta para dar visibilidad a la oferta educativa y cultural del CSMA<\/em><\/p>\n<p>&nbsp;<\/p>\n<p>Con motivo del XV aniversario de la inauguraci\u00f3n del actual Conservatorio Superior de M\u00fasica de Arag\u00f3n, el centro educativo musical ha organizado una serie de conciertos e iniciativas de primer nivel que se celebrar\u00e1n durante todo este a\u00f1o. La iniciativa ha sido presentada este lunes por el consejero de Educaci\u00f3n, Cultura y Deporte del Gobierno de Arag\u00f3n, Felipe Faci, y la directora del CSMA, Carmen Esteban.<\/p>\n<p>&nbsp;<\/p>\n<p>Los actos conmemorativos del XV aniversario del Conservatorio se inician con un concierto de la Orquesta Sinf\u00f3nica del CSMA, que se celebrar\u00e1 los d\u00edas 23 y 24 de febrero en la Sala Mozart del Auditorio de Zaragoza, y que se incluye en el Ciclo de Grandes Conciertos del Auditorio, donde interpretar\u00e1n el Triple Concierto de Beethoven, en conmemoraci\u00f3n del 250 aniversario del nacimiento del compositor.<\/p>\n<p>&nbsp;<\/p>\n<p>Durante los meses siguientes, y hasta final de a\u00f1o, distintas formaciones con sede en el Conservatorio ofrecer\u00e1n diferentes representaciones entre las que cabe destacar las que realizar\u00e1n la Camerata, Orquesta Filarm\u00f3nica, Orquesta y Banda Sinf\u00f3nica, Conjunto Barroco, Coro de C\u00e1mara y o el Ensemble Contempor\u00e1neo, entre otras formaciones. El ciclo contar\u00e1 con conciertos de varios artistas que ejercen su docencia en el centro, como el Cuarteto Quiroga, Premio Nacional de la M\u00fasica, entre otros profesores del CSMA. Tambi\u00e9n se podr\u00e1 disfrutar de conciertos realizados por exalumnos que forman parte del panorama art\u00edstico actual. Adem\u00e1s de estos quince conciertos conmemorativos, el centro ofrecer\u00e1 una programaci\u00f3n Off, con diversas actuaciones musicales que convertir\u00e1n a este centro en un punto de encuentro cultural y art\u00edstico.<\/p>\n<p>Enlaces a la noticia:<\/p>\n<p><a href=\"https:\/\/www.elperiodicodearagon.com\/noticias\/escenarios\/tres-lustros-15-conciertos_1409573.html?fbclid=IwAR3C9XmdJ9P9J1t3NbJrmH7dyi2vUNbXUTwmAq35KT-U3CQnV3w0lmX_Ukk\">https:\/\/www.elperiodicodearagon.com\/noticias\/escenarios\/tres-lustros-15-conciertos_1409573.html?fbclid=IwAR3C9XmdJ9P9J1t3NbJrmH7dyi2vUNbXUTwmAq35KT-U3CQnV3w0lmX_Ukk<\/a><\/p>\n<p><a href=\"https:\/\/www.heraldo.es\/noticias\/ocio-y-cultura\/2020\/02\/17\/ciclo-15-conciertos-celebrara-xv-aniversario-conservatorio-1359292.html?fbclid=IwAR2tLCKN7fPJfH5Z5aZT1cvZlyRR3aLL4LjR6NpPKsCPQfl6CoTveGVt9_Y\">https:\/\/www.heraldo.es\/noticias\/ocio-y-cultura\/2020\/02\/17\/ciclo-15-conciertos-celebrara-xv-aniversario-conservatorio-1359292.html?fbclid=IwAR2tLCKN7fPJfH5Z5aZT1cvZlyRR3aLL4LjR6NpPKsCPQfl6CoTveGVt9_Y<\/a><\/p>\n","protected":false},"excerpt":{"rendered":"<p>El Conservatorio Superior de M\u00fasica de Arag\u00f3n celebra el XV aniversario de su nueva sede con un ciclo de conciertos \u201c15 X 15: quince a\u00f1os,&#8230;<\/p>\n","protected":false},"author":3,"featured_media":18218,"comment_status":"open","ping_status":"open","sticky":false,"template":"","format":"standard","meta":{"footnotes":""},"categories":[368],"tags":[],"class_list":["post-18216","post","type-post","status-publish","format-standard","has-post-thumbnail","hentry","category-noticias"],"yoast_head":"<!-- This site is optimized with the Yoast SEO plugin v27.5 - https:\/\/yoast.com\/product\/yoast-seo-wordpress\/ -->\n<title>EL CSMA CELEBRA 15 A\u00d1OS CON UN CICLO DE CONCIERTOS 15X15 - CSMA<\/title>\n<meta name=\"robots\" content=\"index, follow, max-snippet:-1, max-image-preview:large, max-video-preview:-1\" \/>\n<link rel=\"canonical\" href=\"https:\/\/csma.es\/noticias\/el-csma-celebra-15-anos-con-un-ciclo-de-conciertos-15x15\/\" \/>\n<meta property=\"og:locale\" content=\"en_US\" \/>\n<meta property=\"og:type\" content=\"article\" \/>\n<meta property=\"og:title\" content=\"EL CSMA CELEBRA 15 A\u00d1OS CON UN CICLO DE CONCIERTOS 15X15 - CSMA\" \/>\n<meta property=\"og:description\" content=\"El Conservatorio Superior de M\u00fasica de Arag\u00f3n celebra el XV aniversario de su nueva sede con un ciclo de conciertos \u201c15 X 15: quince a\u00f1os,...\" \/>\n<meta property=\"og:url\" content=\"https:\/\/csma.es\/noticias\/el-csma-celebra-15-anos-con-un-ciclo-de-conciertos-15x15\/\" \/>\n<meta property=\"og:site_name\" content=\"CSMA\" \/>\n<meta property=\"article:publisher\" content=\"https:\/\/www.facebook.com\/CSMAragon\/\" \/>\n<meta property=\"article:published_time\" content=\"2020-02-20T12:01:04+00:00\" \/>\n<meta property=\"article:modified_time\" content=\"2020-02-20T12:14:05+00:00\" \/>\n<meta property=\"og:image\" content=\"https:\/\/csma.es\/wp-content\/uploads\/2020\/02\/20200217_114122-scaled.jpg\" \/>\n\t<meta property=\"og:image:width\" content=\"2560\" \/>\n\t<meta property=\"og:image:height\" content=\"1920\" \/>\n\t<meta property=\"og:image:type\" content=\"image\/jpeg\" \/>\n<meta name=\"author\" content=\"TICS CSMA\" \/>\n<meta name=\"twitter:card\" content=\"summary_large_image\" \/>\n<meta name=\"twitter:creator\" content=\"@csmaconser\" \/>\n<meta name=\"twitter:site\" content=\"@csmaconser\" \/>\n<meta name=\"twitter:label1\" content=\"Written by\" \/>\n\t<meta name=\"twitter:data1\" content=\"TICS CSMA\" \/>\n\t<meta name=\"twitter:label2\" content=\"Est. reading time\" \/>\n\t<meta name=\"twitter:data2\" content=\"2 minutes\" \/>\n<script type=\"application\/ld+json\" class=\"yoast-schema-graph\">{\"@context\":\"https:\\\/\\\/schema.org\",\"@graph\":[{\"@type\":\"Article\",\"@id\":\"https:\\\/\\\/csma.es\\\/noticias\\\/el-csma-celebra-15-anos-con-un-ciclo-de-conciertos-15x15\\\/#article\",\"isPartOf\":{\"@id\":\"https:\\\/\\\/csma.es\\\/noticias\\\/el-csma-celebra-15-anos-con-un-ciclo-de-conciertos-15x15\\\/\"},\"author\":{\"name\":\"TICS CSMA\",\"@id\":\"https:\\\/\\\/csma.es\\\/#\\\/schema\\\/person\\\/dd9e345cd1ec5925a5e8927a0cb3fc69\"},\"headline\":\"EL CSMA CELEBRA 15 A\u00d1OS CON UN CICLO DE CONCIERTOS 15X15\",\"datePublished\":\"2020-02-20T12:01:04+00:00\",\"dateModified\":\"2020-02-20T12:14:05+00:00\",\"mainEntityOfPage\":{\"@id\":\"https:\\\/\\\/csma.es\\\/noticias\\\/el-csma-celebra-15-anos-con-un-ciclo-de-conciertos-15x15\\\/\"},\"wordCount\":415,\"commentCount\":0,\"publisher\":{\"@id\":\"https:\\\/\\\/csma.es\\\/#organization\"},\"image\":{\"@id\":\"https:\\\/\\\/csma.es\\\/noticias\\\/el-csma-celebra-15-anos-con-un-ciclo-de-conciertos-15x15\\\/#primaryimage\"},\"thumbnailUrl\":\"https:\\\/\\\/csma.es\\\/wp-content\\\/uploads\\\/2020\\\/02\\\/20200217_114122-scaled.jpg\",\"articleSection\":[\"Noticias\"],\"inLanguage\":\"en-US\",\"potentialAction\":[{\"@type\":\"CommentAction\",\"name\":\"Comment\",\"target\":[\"https:\\\/\\\/csma.es\\\/noticias\\\/el-csma-celebra-15-anos-con-un-ciclo-de-conciertos-15x15\\\/#respond\"]}]},{\"@type\":\"WebPage\",\"@id\":\"https:\\\/\\\/csma.es\\\/noticias\\\/el-csma-celebra-15-anos-con-un-ciclo-de-conciertos-15x15\\\/\",\"url\":\"https:\\\/\\\/csma.es\\\/noticias\\\/el-csma-celebra-15-anos-con-un-ciclo-de-conciertos-15x15\\\/\",\"name\":\"EL CSMA CELEBRA 15 A\u00d1OS CON UN CICLO DE CONCIERTOS 15X15 - CSMA\",\"isPartOf\":{\"@id\":\"https:\\\/\\\/csma.es\\\/#website\"},\"primaryImageOfPage\":{\"@id\":\"https:\\\/\\\/csma.es\\\/noticias\\\/el-csma-celebra-15-anos-con-un-ciclo-de-conciertos-15x15\\\/#primaryimage\"},\"image\":{\"@id\":\"https:\\\/\\\/csma.es\\\/noticias\\\/el-csma-celebra-15-anos-con-un-ciclo-de-conciertos-15x15\\\/#primaryimage\"},\"thumbnailUrl\":\"https:\\\/\\\/csma.es\\\/wp-content\\\/uploads\\\/2020\\\/02\\\/20200217_114122-scaled.jpg\",\"datePublished\":\"2020-02-20T12:01:04+00:00\",\"dateModified\":\"2020-02-20T12:14:05+00:00\",\"breadcrumb\":{\"@id\":\"https:\\\/\\\/csma.es\\\/noticias\\\/el-csma-celebra-15-anos-con-un-ciclo-de-conciertos-15x15\\\/#breadcrumb\"},\"inLanguage\":\"en-US\",\"potentialAction\":[{\"@type\":\"ReadAction\",\"target\":[\"https:\\\/\\\/csma.es\\\/noticias\\\/el-csma-celebra-15-anos-con-un-ciclo-de-conciertos-15x15\\\/\"]}]},{\"@type\":\"ImageObject\",\"inLanguage\":\"en-US\",\"@id\":\"https:\\\/\\\/csma.es\\\/noticias\\\/el-csma-celebra-15-anos-con-un-ciclo-de-conciertos-15x15\\\/#primaryimage\",\"url\":\"https:\\\/\\\/csma.es\\\/wp-content\\\/uploads\\\/2020\\\/02\\\/20200217_114122-scaled.jpg\",\"contentUrl\":\"https:\\\/\\\/csma.es\\\/wp-content\\\/uploads\\\/2020\\\/02\\\/20200217_114122-scaled.jpg\",\"width\":2560,\"height\":1920},{\"@type\":\"BreadcrumbList\",\"@id\":\"https:\\\/\\\/csma.es\\\/noticias\\\/el-csma-celebra-15-anos-con-un-ciclo-de-conciertos-15x15\\\/#breadcrumb\",\"itemListElement\":[{\"@type\":\"ListItem\",\"position\":1,\"name\":\"Portada\",\"item\":\"https:\\\/\\\/csma.es\\\/en\\\/\"},{\"@type\":\"ListItem\",\"position\":2,\"name\":\"EL CSMA CELEBRA 15 A\u00d1OS CON UN CICLO DE CONCIERTOS 15X15\"}]},{\"@type\":\"WebSite\",\"@id\":\"https:\\\/\\\/csma.es\\\/#website\",\"url\":\"https:\\\/\\\/csma.es\\\/\",\"name\":\"CSMA\",\"description\":\"Conservatorio Superior de M\u00fasica de Arag\u00f3n\",\"publisher\":{\"@id\":\"https:\\\/\\\/csma.es\\\/#organization\"},\"potentialAction\":[{\"@type\":\"SearchAction\",\"target\":{\"@type\":\"EntryPoint\",\"urlTemplate\":\"https:\\\/\\\/csma.es\\\/?s={search_term_string}\"},\"query-input\":{\"@type\":\"PropertyValueSpecification\",\"valueRequired\":true,\"valueName\":\"search_term_string\"}}],\"inLanguage\":\"en-US\"},{\"@type\":\"Organization\",\"@id\":\"https:\\\/\\\/csma.es\\\/#organization\",\"name\":\"Conservatorio Superior de M\u00fasica de Arag\u00f3n\",\"url\":\"https:\\\/\\\/csma.es\\\/\",\"logo\":{\"@type\":\"ImageObject\",\"inLanguage\":\"en-US\",\"@id\":\"https:\\\/\\\/csma.es\\\/#\\\/schema\\\/logo\\\/image\\\/\",\"url\":\"https:\\\/\\\/csma.es\\\/wp-content\\\/uploads\\\/2025\\\/04\\\/cropped-logo-csma-40anos-vertical-sintexto-positivo.png\",\"contentUrl\":\"https:\\\/\\\/csma.es\\\/wp-content\\\/uploads\\\/2025\\\/04\\\/cropped-logo-csma-40anos-vertical-sintexto-positivo.png\",\"width\":512,\"height\":512,\"caption\":\"Conservatorio Superior de M\u00fasica de Arag\u00f3n\"},\"image\":{\"@id\":\"https:\\\/\\\/csma.es\\\/#\\\/schema\\\/logo\\\/image\\\/\"},\"sameAs\":[\"https:\\\/\\\/www.facebook.com\\\/CSMAragon\\\/\",\"https:\\\/\\\/x.com\\\/csmaconser\",\"https:\\\/\\\/www.instagram.com\\\/csmaragon\\\/\",\"https:\\\/\\\/www.youtube.com\\\/channel\\\/UCcsLLtgZJUhz11-3Aj1sv3w\"]},{\"@type\":\"Person\",\"@id\":\"https:\\\/\\\/csma.es\\\/#\\\/schema\\\/person\\\/dd9e345cd1ec5925a5e8927a0cb3fc69\",\"name\":\"TICS CSMA\"}]}<\/script>\n<!-- \/ Yoast SEO plugin. -->","yoast_head_json":{"title":"EL CSMA CELEBRA 15 A\u00d1OS CON UN CICLO DE CONCIERTOS 15X15 - CSMA","robots":{"index":"index","follow":"follow","max-snippet":"max-snippet:-1","max-image-preview":"max-image-preview:large","max-video-preview":"max-video-preview:-1"},"canonical":"https:\/\/csma.es\/noticias\/el-csma-celebra-15-anos-con-un-ciclo-de-conciertos-15x15\/","og_locale":"en_US","og_type":"article","og_title":"EL CSMA CELEBRA 15 A\u00d1OS CON UN CICLO DE CONCIERTOS 15X15 - CSMA","og_description":"El Conservatorio Superior de M\u00fasica de Arag\u00f3n celebra el XV aniversario de su nueva sede con un ciclo de conciertos \u201c15 X 15: quince a\u00f1os,...","og_url":"https:\/\/csma.es\/noticias\/el-csma-celebra-15-anos-con-un-ciclo-de-conciertos-15x15\/","og_site_name":"CSMA","article_publisher":"https:\/\/www.facebook.com\/CSMAragon\/","article_published_time":"2020-02-20T12:01:04+00:00","article_modified_time":"2020-02-20T12:14:05+00:00","og_image":[{"width":2560,"height":1920,"url":"https:\/\/csma.es\/wp-content\/uploads\/2020\/02\/20200217_114122-scaled.jpg","type":"image\/jpeg"}],"author":"TICS CSMA","twitter_card":"summary_large_image","twitter_creator":"@csmaconser","twitter_site":"@csmaconser","twitter_misc":{"Written by":"TICS CSMA","Est. reading time":"2 minutes"},"schema":{"@context":"https:\/\/schema.org","@graph":[{"@type":"Article","@id":"https:\/\/csma.es\/noticias\/el-csma-celebra-15-anos-con-un-ciclo-de-conciertos-15x15\/#article","isPartOf":{"@id":"https:\/\/csma.es\/noticias\/el-csma-celebra-15-anos-con-un-ciclo-de-conciertos-15x15\/"},"author":{"name":"TICS CSMA","@id":"https:\/\/csma.es\/#\/schema\/person\/dd9e345cd1ec5925a5e8927a0cb3fc69"},"headline":"EL CSMA CELEBRA 15 A\u00d1OS CON UN CICLO DE CONCIERTOS 15X15","datePublished":"2020-02-20T12:01:04+00:00","dateModified":"2020-02-20T12:14:05+00:00","mainEntityOfPage":{"@id":"https:\/\/csma.es\/noticias\/el-csma-celebra-15-anos-con-un-ciclo-de-conciertos-15x15\/"},"wordCount":415,"commentCount":0,"publisher":{"@id":"https:\/\/csma.es\/#organization"},"image":{"@id":"https:\/\/csma.es\/noticias\/el-csma-celebra-15-anos-con-un-ciclo-de-conciertos-15x15\/#primaryimage"},"thumbnailUrl":"https:\/\/csma.es\/wp-content\/uploads\/2020\/02\/20200217_114122-scaled.jpg","articleSection":["Noticias"],"inLanguage":"en-US","potentialAction":[{"@type":"CommentAction","name":"Comment","target":["https:\/\/csma.es\/noticias\/el-csma-celebra-15-anos-con-un-ciclo-de-conciertos-15x15\/#respond"]}]},{"@type":"WebPage","@id":"https:\/\/csma.es\/noticias\/el-csma-celebra-15-anos-con-un-ciclo-de-conciertos-15x15\/","url":"https:\/\/csma.es\/noticias\/el-csma-celebra-15-anos-con-un-ciclo-de-conciertos-15x15\/","name":"EL CSMA CELEBRA 15 A\u00d1OS CON UN CICLO DE CONCIERTOS 15X15 - CSMA","isPartOf":{"@id":"https:\/\/csma.es\/#website"},"primaryImageOfPage":{"@id":"https:\/\/csma.es\/noticias\/el-csma-celebra-15-anos-con-un-ciclo-de-conciertos-15x15\/#primaryimage"},"image":{"@id":"https:\/\/csma.es\/noticias\/el-csma-celebra-15-anos-con-un-ciclo-de-conciertos-15x15\/#primaryimage"},"thumbnailUrl":"https:\/\/csma.es\/wp-content\/uploads\/2020\/02\/20200217_114122-scaled.jpg","datePublished":"2020-02-20T12:01:04+00:00","dateModified":"2020-02-20T12:14:05+00:00","breadcrumb":{"@id":"https:\/\/csma.es\/noticias\/el-csma-celebra-15-anos-con-un-ciclo-de-conciertos-15x15\/#breadcrumb"},"inLanguage":"en-US","potentialAction":[{"@type":"ReadAction","target":["https:\/\/csma.es\/noticias\/el-csma-celebra-15-anos-con-un-ciclo-de-conciertos-15x15\/"]}]},{"@type":"ImageObject","inLanguage":"en-US","@id":"https:\/\/csma.es\/noticias\/el-csma-celebra-15-anos-con-un-ciclo-de-conciertos-15x15\/#primaryimage","url":"https:\/\/csma.es\/wp-content\/uploads\/2020\/02\/20200217_114122-scaled.jpg","contentUrl":"https:\/\/csma.es\/wp-content\/uploads\/2020\/02\/20200217_114122-scaled.jpg","width":2560,"height":1920},{"@type":"BreadcrumbList","@id":"https:\/\/csma.es\/noticias\/el-csma-celebra-15-anos-con-un-ciclo-de-conciertos-15x15\/#breadcrumb","itemListElement":[{"@type":"ListItem","position":1,"name":"Portada","item":"https:\/\/csma.es\/en\/"},{"@type":"ListItem","position":2,"name":"EL CSMA CELEBRA 15 A\u00d1OS CON UN CICLO DE CONCIERTOS 15X15"}]},{"@type":"WebSite","@id":"https:\/\/csma.es\/#website","url":"https:\/\/csma.es\/","name":"CSMA","description":"Conservatorio Superior de M\u00fasica de Arag\u00f3n","publisher":{"@id":"https:\/\/csma.es\/#organization"},"potentialAction":[{"@type":"SearchAction","target":{"@type":"EntryPoint","urlTemplate":"https:\/\/csma.es\/?s={search_term_string}"},"query-input":{"@type":"PropertyValueSpecification","valueRequired":true,"valueName":"search_term_string"}}],"inLanguage":"en-US"},{"@type":"Organization","@id":"https:\/\/csma.es\/#organization","name":"Conservatorio Superior de M\u00fasica de Arag\u00f3n","url":"https:\/\/csma.es\/","logo":{"@type":"ImageObject","inLanguage":"en-US","@id":"https:\/\/csma.es\/#\/schema\/logo\/image\/","url":"https:\/\/csma.es\/wp-content\/uploads\/2025\/04\/cropped-logo-csma-40anos-vertical-sintexto-positivo.png","contentUrl":"https:\/\/csma.es\/wp-content\/uploads\/2025\/04\/cropped-logo-csma-40anos-vertical-sintexto-positivo.png","width":512,"height":512,"caption":"Conservatorio Superior de M\u00fasica de Arag\u00f3n"},"image":{"@id":"https:\/\/csma.es\/#\/schema\/logo\/image\/"},"sameAs":["https:\/\/www.facebook.com\/CSMAragon\/","https:\/\/x.com\/csmaconser","https:\/\/www.instagram.com\/csmaragon\/","https:\/\/www.youtube.com\/channel\/UCcsLLtgZJUhz11-3Aj1sv3w"]},{"@type":"Person","@id":"https:\/\/csma.es\/#\/schema\/person\/dd9e345cd1ec5925a5e8927a0cb3fc69","name":"TICS CSMA"}]}},"publishpress_future_action":{"enabled":false,"date":"2026-05-07 19:35:17","action":"change-status","newStatus":"draft","terms":[],"taxonomy":"category","extraData":[]},"publishpress_future_workflow_manual_trigger":{"enabledWorkflows":[]},"_links":{"self":[{"href":"https:\/\/csma.es\/en\/wp-json\/wp\/v2\/posts\/18216","targetHints":{"allow":["GET"]}}],"collection":[{"href":"https:\/\/csma.es\/en\/wp-json\/wp\/v2\/posts"}],"about":[{"href":"https:\/\/csma.es\/en\/wp-json\/wp\/v2\/types\/post"}],"author":[{"embeddable":true,"href":"https:\/\/csma.es\/en\/wp-json\/wp\/v2\/users\/3"}],"replies":[{"embeddable":true,"href":"https:\/\/csma.es\/en\/wp-json\/wp\/v2\/comments?post=18216"}],"version-history":[{"count":0,"href":"https:\/\/csma.es\/en\/wp-json\/wp\/v2\/posts\/18216\/revisions"}],"wp:featuredmedia":[{"embeddable":true,"href":"https:\/\/csma.es\/en\/wp-json\/wp\/v2\/media\/18218"}],"wp:attachment":[{"href":"https:\/\/csma.es\/en\/wp-json\/wp\/v2\/media?parent=18216"}],"wp:term":[{"taxonomy":"category","embeddable":true,"href":"https:\/\/csma.es\/en\/wp-json\/wp\/v2\/categories?post=18216"},{"taxonomy":"post_tag","embeddable":true,"href":"https:\/\/csma.es\/en\/wp-json\/wp\/v2\/tags?post=18216"}],"curies":[{"name":"wp","href":"https:\/\/api.w.org\/{rel}","templated":true}]}}