{"id":18183,"date":"2020-02-14T10:10:46","date_gmt":"2020-02-14T09:10:46","guid":{"rendered":"https:\/\/csma.es\/?p=18183"},"modified":"2020-02-14T10:39:29","modified_gmt":"2020-02-14T09:39:29","slug":"la-orquesta-sinfonica-del-csma-y-el-trio-vibrart-en-el-auditorio-de-zaragoza","status":"publish","type":"post","link":"https:\/\/csma.es\/en\/noticias\/la-orquesta-sinfonica-del-csma-y-el-trio-vibrart-en-el-auditorio-de-zaragoza\/","title":{"rendered":"LA ORQUESTA SINF\u00d3NICA DEL CSMA Y EL TR\u00cdO VIBRART EN EL AUDITORIO DE ZARAGOZA"},"content":{"rendered":"<p>Los pr\u00f3ximos d\u00edas 23 y 24 de febrero, la <strong>Orquesta Sinf\u00f3nica del CSMA<\/strong>, bajo la batuta de <strong>Miquel Rodrigo<\/strong>, ofrecer\u00e1 dos conciertos en el Auditorio de Zaragoza junto al <strong>Tr\u00edo VibrArt<\/strong>, formado por Juan P\u00e9rez Florist\u00e1n, piano, y los ex profesores del CSMA, <strong>Fernando Arias<\/strong>, violonchelo y <strong>Miguel Colom<\/strong>, viol\u00edn. Interpretar\u00e1n un ambicioso programa: el Triple concierto para viol\u00edn, violonchelo y piano en Do, Op. 56 de L. V. Beethoven y \u00a0Sinfon\u00eda n.\u00ba 9, Op.70 de D. Shostak\u00f3vich. M\u00e1s informaci\u00f3n: <a href=\"https:\/\/auditoriozaragoza.com\/programacion\/orquesta-sinfonica-del-conservatorio-superior-de-musica-de-aragon-2\/\">www.auditoriozaragoza.com<\/a><\/p>\n<p>&nbsp;<\/p>\n<p>El tr\u00edo <strong>VibrArt<\/strong> ha alcanzado una gran madurez como grupo en relativamente poco tiempo gracias a la actividad art\u00edstica de sus integrantes paralela a la del tr\u00edo, habiendo tocado con orquestas como la Konzerthausorchester Berl\u00edn, BBC Symphony Orchestra, Orquesta Nacional de Espa\u00f1a, Orquesta de la RTVE, Orquesta de la Radio de Polonia\u2026 y en salas como el Wigmore Hall de Londres, la Philharmonie de Berl\u00edn, la Herkulessaal de Munich\u2026 Especialmente notorio fue el debut del tr\u00edo VibrArt en el a\u00f1o 2017, retransmitido en directo por Catalunya Radio y Radio Nacional de Espa\u00f1a, con la Orquesta de Barcelona y Lawrence Foster interpretando el Triple Concierto de Beethoven.<\/p>\n","protected":false},"excerpt":{"rendered":"<p>Los pr\u00f3ximos d\u00edas 23 y 24 de febrero, la Orquesta Sinf\u00f3nica del CSMA, bajo la batuta de Miquel Rodrigo, ofrecer\u00e1 dos conciertos en el Auditorio&#8230;<\/p>\n","protected":false},"author":3,"featured_media":18184,"comment_status":"open","ping_status":"open","sticky":false,"template":"","format":"standard","meta":{"footnotes":""},"categories":[368],"tags":[],"class_list":["post-18183","post","type-post","status-publish","format-standard","has-post-thumbnail","hentry","category-noticias"],"yoast_head":"<!-- This site is optimized with the Yoast SEO plugin v27.5 - https:\/\/yoast.com\/product\/yoast-seo-wordpress\/ -->\n<title>LA ORQUESTA SINF\u00d3NICA DEL CSMA Y EL TR\u00cdO VIBRART EN EL AUDITORIO DE ZARAGOZA - CSMA<\/title>\n<meta name=\"robots\" content=\"index, follow, max-snippet:-1, max-image-preview:large, max-video-preview:-1\" \/>\n<link rel=\"canonical\" href=\"https:\/\/csma.es\/noticias\/la-orquesta-sinfonica-del-csma-y-el-trio-vibrart-en-el-auditorio-de-zaragoza\/\" \/>\n<meta property=\"og:locale\" content=\"en_US\" \/>\n<meta property=\"og:type\" content=\"article\" \/>\n<meta property=\"og:title\" content=\"LA ORQUESTA SINF\u00d3NICA DEL CSMA Y EL TR\u00cdO VIBRART EN EL AUDITORIO DE ZARAGOZA - CSMA\" \/>\n<meta property=\"og:description\" content=\"Los pr\u00f3ximos d\u00edas 23 y 24 de febrero, la Orquesta Sinf\u00f3nica del CSMA, bajo la batuta de Miquel Rodrigo, ofrecer\u00e1 dos conciertos en el Auditorio...\" \/>\n<meta property=\"og:url\" content=\"https:\/\/csma.es\/noticias\/la-orquesta-sinfonica-del-csma-y-el-trio-vibrart-en-el-auditorio-de-zaragoza\/\" \/>\n<meta property=\"og:site_name\" content=\"CSMA\" \/>\n<meta property=\"article:publisher\" content=\"https:\/\/www.facebook.com\/CSMAragon\/\" \/>\n<meta property=\"article:published_time\" content=\"2020-02-14T09:10:46+00:00\" \/>\n<meta property=\"article:modified_time\" content=\"2020-02-14T09:39:29+00:00\" \/>\n<meta property=\"og:image\" content=\"https:\/\/csma.es\/wp-content\/uploads\/2020\/02\/TrIo-VibrArt.jpg\" \/>\n\t<meta property=\"og:image:width\" content=\"1067\" \/>\n\t<meta property=\"og:image:height\" content=\"600\" \/>\n\t<meta property=\"og:image:type\" content=\"image\/jpeg\" \/>\n<meta name=\"author\" content=\"TICS CSMA\" \/>\n<meta name=\"twitter:card\" content=\"summary_large_image\" \/>\n<meta name=\"twitter:creator\" content=\"@csmaconser\" \/>\n<meta name=\"twitter:site\" content=\"@csmaconser\" \/>\n<meta name=\"twitter:label1\" content=\"Written by\" \/>\n\t<meta name=\"twitter:data1\" content=\"TICS CSMA\" \/>\n\t<meta name=\"twitter:label2\" content=\"Est. reading time\" \/>\n\t<meta name=\"twitter:data2\" content=\"1 minute\" \/>\n<script type=\"application\/ld+json\" class=\"yoast-schema-graph\">{\"@context\":\"https:\\\/\\\/schema.org\",\"@graph\":[{\"@type\":\"Article\",\"@id\":\"https:\\\/\\\/csma.es\\\/noticias\\\/la-orquesta-sinfonica-del-csma-y-el-trio-vibrart-en-el-auditorio-de-zaragoza\\\/#article\",\"isPartOf\":{\"@id\":\"https:\\\/\\\/csma.es\\\/noticias\\\/la-orquesta-sinfonica-del-csma-y-el-trio-vibrart-en-el-auditorio-de-zaragoza\\\/\"},\"author\":{\"name\":\"TICS CSMA\",\"@id\":\"https:\\\/\\\/csma.es\\\/#\\\/schema\\\/person\\\/dd9e345cd1ec5925a5e8927a0cb3fc69\"},\"headline\":\"LA ORQUESTA SINF\u00d3NICA DEL CSMA Y EL TR\u00cdO VIBRART EN EL AUDITORIO DE ZARAGOZA\",\"datePublished\":\"2020-02-14T09:10:46+00:00\",\"dateModified\":\"2020-02-14T09:39:29+00:00\",\"mainEntityOfPage\":{\"@id\":\"https:\\\/\\\/csma.es\\\/noticias\\\/la-orquesta-sinfonica-del-csma-y-el-trio-vibrart-en-el-auditorio-de-zaragoza\\\/\"},\"wordCount\":223,\"commentCount\":0,\"publisher\":{\"@id\":\"https:\\\/\\\/csma.es\\\/#organization\"},\"image\":{\"@id\":\"https:\\\/\\\/csma.es\\\/noticias\\\/la-orquesta-sinfonica-del-csma-y-el-trio-vibrart-en-el-auditorio-de-zaragoza\\\/#primaryimage\"},\"thumbnailUrl\":\"https:\\\/\\\/csma.es\\\/wp-content\\\/uploads\\\/2020\\\/02\\\/TrIo-VibrArt.jpg\",\"articleSection\":[\"Noticias\"],\"inLanguage\":\"en-US\",\"potentialAction\":[{\"@type\":\"CommentAction\",\"name\":\"Comment\",\"target\":[\"https:\\\/\\\/csma.es\\\/noticias\\\/la-orquesta-sinfonica-del-csma-y-el-trio-vibrart-en-el-auditorio-de-zaragoza\\\/#respond\"]}]},{\"@type\":\"WebPage\",\"@id\":\"https:\\\/\\\/csma.es\\\/noticias\\\/la-orquesta-sinfonica-del-csma-y-el-trio-vibrart-en-el-auditorio-de-zaragoza\\\/\",\"url\":\"https:\\\/\\\/csma.es\\\/noticias\\\/la-orquesta-sinfonica-del-csma-y-el-trio-vibrart-en-el-auditorio-de-zaragoza\\\/\",\"name\":\"LA ORQUESTA SINF\u00d3NICA DEL CSMA Y EL TR\u00cdO VIBRART EN EL AUDITORIO DE ZARAGOZA - CSMA\",\"isPartOf\":{\"@id\":\"https:\\\/\\\/csma.es\\\/#website\"},\"primaryImageOfPage\":{\"@id\":\"https:\\\/\\\/csma.es\\\/noticias\\\/la-orquesta-sinfonica-del-csma-y-el-trio-vibrart-en-el-auditorio-de-zaragoza\\\/#primaryimage\"},\"image\":{\"@id\":\"https:\\\/\\\/csma.es\\\/noticias\\\/la-orquesta-sinfonica-del-csma-y-el-trio-vibrart-en-el-auditorio-de-zaragoza\\\/#primaryimage\"},\"thumbnailUrl\":\"https:\\\/\\\/csma.es\\\/wp-content\\\/uploads\\\/2020\\\/02\\\/TrIo-VibrArt.jpg\",\"datePublished\":\"2020-02-14T09:10:46+00:00\",\"dateModified\":\"2020-02-14T09:39:29+00:00\",\"breadcrumb\":{\"@id\":\"https:\\\/\\\/csma.es\\\/noticias\\\/la-orquesta-sinfonica-del-csma-y-el-trio-vibrart-en-el-auditorio-de-zaragoza\\\/#breadcrumb\"},\"inLanguage\":\"en-US\",\"potentialAction\":[{\"@type\":\"ReadAction\",\"target\":[\"https:\\\/\\\/csma.es\\\/noticias\\\/la-orquesta-sinfonica-del-csma-y-el-trio-vibrart-en-el-auditorio-de-zaragoza\\\/\"]}]},{\"@type\":\"ImageObject\",\"inLanguage\":\"en-US\",\"@id\":\"https:\\\/\\\/csma.es\\\/noticias\\\/la-orquesta-sinfonica-del-csma-y-el-trio-vibrart-en-el-auditorio-de-zaragoza\\\/#primaryimage\",\"url\":\"https:\\\/\\\/csma.es\\\/wp-content\\\/uploads\\\/2020\\\/02\\\/TrIo-VibrArt.jpg\",\"contentUrl\":\"https:\\\/\\\/csma.es\\\/wp-content\\\/uploads\\\/2020\\\/02\\\/TrIo-VibrArt.jpg\",\"width\":1067,\"height\":600},{\"@type\":\"BreadcrumbList\",\"@id\":\"https:\\\/\\\/csma.es\\\/noticias\\\/la-orquesta-sinfonica-del-csma-y-el-trio-vibrart-en-el-auditorio-de-zaragoza\\\/#breadcrumb\",\"itemListElement\":[{\"@type\":\"ListItem\",\"position\":1,\"name\":\"Portada\",\"item\":\"https:\\\/\\\/csma.es\\\/en\\\/\"},{\"@type\":\"ListItem\",\"position\":2,\"name\":\"LA ORQUESTA SINF\u00d3NICA DEL CSMA Y EL TR\u00cdO VIBRART EN EL AUDITORIO DE ZARAGOZA\"}]},{\"@type\":\"WebSite\",\"@id\":\"https:\\\/\\\/csma.es\\\/#website\",\"url\":\"https:\\\/\\\/csma.es\\\/\",\"name\":\"CSMA\",\"description\":\"Conservatorio Superior de M\u00fasica de Arag\u00f3n\",\"publisher\":{\"@id\":\"https:\\\/\\\/csma.es\\\/#organization\"},\"potentialAction\":[{\"@type\":\"SearchAction\",\"target\":{\"@type\":\"EntryPoint\",\"urlTemplate\":\"https:\\\/\\\/csma.es\\\/?s={search_term_string}\"},\"query-input\":{\"@type\":\"PropertyValueSpecification\",\"valueRequired\":true,\"valueName\":\"search_term_string\"}}],\"inLanguage\":\"en-US\"},{\"@type\":\"Organization\",\"@id\":\"https:\\\/\\\/csma.es\\\/#organization\",\"name\":\"Conservatorio Superior de M\u00fasica de Arag\u00f3n\",\"url\":\"https:\\\/\\\/csma.es\\\/\",\"logo\":{\"@type\":\"ImageObject\",\"inLanguage\":\"en-US\",\"@id\":\"https:\\\/\\\/csma.es\\\/#\\\/schema\\\/logo\\\/image\\\/\",\"url\":\"https:\\\/\\\/csma.es\\\/wp-content\\\/uploads\\\/2025\\\/04\\\/cropped-logo-csma-40anos-vertical-sintexto-positivo.png\",\"contentUrl\":\"https:\\\/\\\/csma.es\\\/wp-content\\\/uploads\\\/2025\\\/04\\\/cropped-logo-csma-40anos-vertical-sintexto-positivo.png\",\"width\":512,\"height\":512,\"caption\":\"Conservatorio Superior de M\u00fasica de Arag\u00f3n\"},\"image\":{\"@id\":\"https:\\\/\\\/csma.es\\\/#\\\/schema\\\/logo\\\/image\\\/\"},\"sameAs\":[\"https:\\\/\\\/www.facebook.com\\\/CSMAragon\\\/\",\"https:\\\/\\\/x.com\\\/csmaconser\",\"https:\\\/\\\/www.instagram.com\\\/csmaragon\\\/\",\"https:\\\/\\\/www.youtube.com\\\/channel\\\/UCcsLLtgZJUhz11-3Aj1sv3w\"]},{\"@type\":\"Person\",\"@id\":\"https:\\\/\\\/csma.es\\\/#\\\/schema\\\/person\\\/dd9e345cd1ec5925a5e8927a0cb3fc69\",\"name\":\"TICS CSMA\"}]}<\/script>\n<!-- \/ Yoast SEO plugin. -->","yoast_head_json":{"title":"LA ORQUESTA SINF\u00d3NICA DEL CSMA Y EL TR\u00cdO VIBRART EN EL AUDITORIO DE ZARAGOZA - CSMA","robots":{"index":"index","follow":"follow","max-snippet":"max-snippet:-1","max-image-preview":"max-image-preview:large","max-video-preview":"max-video-preview:-1"},"canonical":"https:\/\/csma.es\/noticias\/la-orquesta-sinfonica-del-csma-y-el-trio-vibrart-en-el-auditorio-de-zaragoza\/","og_locale":"en_US","og_type":"article","og_title":"LA ORQUESTA SINF\u00d3NICA DEL CSMA Y EL TR\u00cdO VIBRART EN EL AUDITORIO DE ZARAGOZA - CSMA","og_description":"Los pr\u00f3ximos d\u00edas 23 y 24 de febrero, la Orquesta Sinf\u00f3nica del CSMA, bajo la batuta de Miquel Rodrigo, ofrecer\u00e1 dos conciertos en el Auditorio...","og_url":"https:\/\/csma.es\/noticias\/la-orquesta-sinfonica-del-csma-y-el-trio-vibrart-en-el-auditorio-de-zaragoza\/","og_site_name":"CSMA","article_publisher":"https:\/\/www.facebook.com\/CSMAragon\/","article_published_time":"2020-02-14T09:10:46+00:00","article_modified_time":"2020-02-14T09:39:29+00:00","og_image":[{"width":1067,"height":600,"url":"https:\/\/csma.es\/wp-content\/uploads\/2020\/02\/TrIo-VibrArt.jpg","type":"image\/jpeg"}],"author":"TICS CSMA","twitter_card":"summary_large_image","twitter_creator":"@csmaconser","twitter_site":"@csmaconser","twitter_misc":{"Written by":"TICS CSMA","Est. reading time":"1 minute"},"schema":{"@context":"https:\/\/schema.org","@graph":[{"@type":"Article","@id":"https:\/\/csma.es\/noticias\/la-orquesta-sinfonica-del-csma-y-el-trio-vibrart-en-el-auditorio-de-zaragoza\/#article","isPartOf":{"@id":"https:\/\/csma.es\/noticias\/la-orquesta-sinfonica-del-csma-y-el-trio-vibrart-en-el-auditorio-de-zaragoza\/"},"author":{"name":"TICS CSMA","@id":"https:\/\/csma.es\/#\/schema\/person\/dd9e345cd1ec5925a5e8927a0cb3fc69"},"headline":"LA ORQUESTA SINF\u00d3NICA DEL CSMA Y EL TR\u00cdO VIBRART EN EL AUDITORIO DE ZARAGOZA","datePublished":"2020-02-14T09:10:46+00:00","dateModified":"2020-02-14T09:39:29+00:00","mainEntityOfPage":{"@id":"https:\/\/csma.es\/noticias\/la-orquesta-sinfonica-del-csma-y-el-trio-vibrart-en-el-auditorio-de-zaragoza\/"},"wordCount":223,"commentCount":0,"publisher":{"@id":"https:\/\/csma.es\/#organization"},"image":{"@id":"https:\/\/csma.es\/noticias\/la-orquesta-sinfonica-del-csma-y-el-trio-vibrart-en-el-auditorio-de-zaragoza\/#primaryimage"},"thumbnailUrl":"https:\/\/csma.es\/wp-content\/uploads\/2020\/02\/TrIo-VibrArt.jpg","articleSection":["Noticias"],"inLanguage":"en-US","potentialAction":[{"@type":"CommentAction","name":"Comment","target":["https:\/\/csma.es\/noticias\/la-orquesta-sinfonica-del-csma-y-el-trio-vibrart-en-el-auditorio-de-zaragoza\/#respond"]}]},{"@type":"WebPage","@id":"https:\/\/csma.es\/noticias\/la-orquesta-sinfonica-del-csma-y-el-trio-vibrart-en-el-auditorio-de-zaragoza\/","url":"https:\/\/csma.es\/noticias\/la-orquesta-sinfonica-del-csma-y-el-trio-vibrart-en-el-auditorio-de-zaragoza\/","name":"LA ORQUESTA SINF\u00d3NICA DEL CSMA Y EL TR\u00cdO VIBRART EN EL AUDITORIO DE ZARAGOZA - CSMA","isPartOf":{"@id":"https:\/\/csma.es\/#website"},"primaryImageOfPage":{"@id":"https:\/\/csma.es\/noticias\/la-orquesta-sinfonica-del-csma-y-el-trio-vibrart-en-el-auditorio-de-zaragoza\/#primaryimage"},"image":{"@id":"https:\/\/csma.es\/noticias\/la-orquesta-sinfonica-del-csma-y-el-trio-vibrart-en-el-auditorio-de-zaragoza\/#primaryimage"},"thumbnailUrl":"https:\/\/csma.es\/wp-content\/uploads\/2020\/02\/TrIo-VibrArt.jpg","datePublished":"2020-02-14T09:10:46+00:00","dateModified":"2020-02-14T09:39:29+00:00","breadcrumb":{"@id":"https:\/\/csma.es\/noticias\/la-orquesta-sinfonica-del-csma-y-el-trio-vibrart-en-el-auditorio-de-zaragoza\/#breadcrumb"},"inLanguage":"en-US","potentialAction":[{"@type":"ReadAction","target":["https:\/\/csma.es\/noticias\/la-orquesta-sinfonica-del-csma-y-el-trio-vibrart-en-el-auditorio-de-zaragoza\/"]}]},{"@type":"ImageObject","inLanguage":"en-US","@id":"https:\/\/csma.es\/noticias\/la-orquesta-sinfonica-del-csma-y-el-trio-vibrart-en-el-auditorio-de-zaragoza\/#primaryimage","url":"https:\/\/csma.es\/wp-content\/uploads\/2020\/02\/TrIo-VibrArt.jpg","contentUrl":"https:\/\/csma.es\/wp-content\/uploads\/2020\/02\/TrIo-VibrArt.jpg","width":1067,"height":600},{"@type":"BreadcrumbList","@id":"https:\/\/csma.es\/noticias\/la-orquesta-sinfonica-del-csma-y-el-trio-vibrart-en-el-auditorio-de-zaragoza\/#breadcrumb","itemListElement":[{"@type":"ListItem","position":1,"name":"Portada","item":"https:\/\/csma.es\/en\/"},{"@type":"ListItem","position":2,"name":"LA ORQUESTA SINF\u00d3NICA DEL CSMA Y EL TR\u00cdO VIBRART EN EL AUDITORIO DE ZARAGOZA"}]},{"@type":"WebSite","@id":"https:\/\/csma.es\/#website","url":"https:\/\/csma.es\/","name":"CSMA","description":"Conservatorio Superior de M\u00fasica de Arag\u00f3n","publisher":{"@id":"https:\/\/csma.es\/#organization"},"potentialAction":[{"@type":"SearchAction","target":{"@type":"EntryPoint","urlTemplate":"https:\/\/csma.es\/?s={search_term_string}"},"query-input":{"@type":"PropertyValueSpecification","valueRequired":true,"valueName":"search_term_string"}}],"inLanguage":"en-US"},{"@type":"Organization","@id":"https:\/\/csma.es\/#organization","name":"Conservatorio Superior de M\u00fasica de Arag\u00f3n","url":"https:\/\/csma.es\/","logo":{"@type":"ImageObject","inLanguage":"en-US","@id":"https:\/\/csma.es\/#\/schema\/logo\/image\/","url":"https:\/\/csma.es\/wp-content\/uploads\/2025\/04\/cropped-logo-csma-40anos-vertical-sintexto-positivo.png","contentUrl":"https:\/\/csma.es\/wp-content\/uploads\/2025\/04\/cropped-logo-csma-40anos-vertical-sintexto-positivo.png","width":512,"height":512,"caption":"Conservatorio Superior de M\u00fasica de Arag\u00f3n"},"image":{"@id":"https:\/\/csma.es\/#\/schema\/logo\/image\/"},"sameAs":["https:\/\/www.facebook.com\/CSMAragon\/","https:\/\/x.com\/csmaconser","https:\/\/www.instagram.com\/csmaragon\/","https:\/\/www.youtube.com\/channel\/UCcsLLtgZJUhz11-3Aj1sv3w"]},{"@type":"Person","@id":"https:\/\/csma.es\/#\/schema\/person\/dd9e345cd1ec5925a5e8927a0cb3fc69","name":"TICS CSMA"}]}},"publishpress_future_action":{"enabled":false,"date":"2026-05-09 10:58:18","action":"change-status","newStatus":"draft","terms":[],"taxonomy":"category","extraData":[]},"publishpress_future_workflow_manual_trigger":{"enabledWorkflows":[]},"_links":{"self":[{"href":"https:\/\/csma.es\/en\/wp-json\/wp\/v2\/posts\/18183","targetHints":{"allow":["GET"]}}],"collection":[{"href":"https:\/\/csma.es\/en\/wp-json\/wp\/v2\/posts"}],"about":[{"href":"https:\/\/csma.es\/en\/wp-json\/wp\/v2\/types\/post"}],"author":[{"embeddable":true,"href":"https:\/\/csma.es\/en\/wp-json\/wp\/v2\/users\/3"}],"replies":[{"embeddable":true,"href":"https:\/\/csma.es\/en\/wp-json\/wp\/v2\/comments?post=18183"}],"version-history":[{"count":0,"href":"https:\/\/csma.es\/en\/wp-json\/wp\/v2\/posts\/18183\/revisions"}],"wp:featuredmedia":[{"embeddable":true,"href":"https:\/\/csma.es\/en\/wp-json\/wp\/v2\/media\/18184"}],"wp:attachment":[{"href":"https:\/\/csma.es\/en\/wp-json\/wp\/v2\/media?parent=18183"}],"wp:term":[{"taxonomy":"category","embeddable":true,"href":"https:\/\/csma.es\/en\/wp-json\/wp\/v2\/categories?post=18183"},{"taxonomy":"post_tag","embeddable":true,"href":"https:\/\/csma.es\/en\/wp-json\/wp\/v2\/tags?post=18183"}],"curies":[{"name":"wp","href":"https:\/\/api.w.org\/{rel}","templated":true}]}}