{"id":16900,"date":"2019-02-26T15:42:49","date_gmt":"2019-02-26T14:42:49","guid":{"rendered":"https:\/\/csma.es\/?p=16900"},"modified":"2024-05-20T13:12:05","modified_gmt":"2024-05-20T11:12:05","slug":"laia-puig","status":"publish","type":"post","link":"https:\/\/csma.es\/en\/profesorado-cuerda\/laia-puig\/","title":{"rendered":"LAIA PUIG TORNE"},"content":{"rendered":"<p style=\"text-align: justify;\"><span style=\"color: #ffffff;\">.<\/span><\/p>\n<p style=\"text-align: justify;\">Nacida en Cervera (Lleida), inicia sus estudios musicales a los seis a\u00f1os bajo la maestr\u00eda de Mar\u00e7al Cervera, Sergi Boadella, Richard Talkowsky y Cristian Florea en el Conservatorio de Cervera. Posteriormente estudia en las Universidades de Graz, Basel y Berlin con Rudolf Leopold, Reinhard Latzko y Martin L\u00f6hr. Ha recibido consejos de Bernard Greenhouse, Maria Kliegel, Maria de Macedo, Llu\u00eds Claret, Christophe Coin, Philipe Mueller, Asier Polo, Thomas Demenga, entre otros. En 2012 finaliza el Master de Gesti\u00f3n Cultural en la UOC.<\/p>\n<p><span style=\"color: #ffffff;\">.<\/span><\/p>\n<p style=\"text-align: justify;\">Ha participado como solista con la Orquesta Sinf\u00f3nica del Vall\u00e9s, Orquestra Simf\u00f2nica Juli\u00e0 Carbonell, Orquesta de C\u00e1mara del Garraf, Camerata XXI, Orquesta Andr\u00e9s Segovia, Camerata Musica Wien y ha ofrecido recitales en festivales como Berliner Cellisten 2008 y en todo el territorio espa\u00f1ol. Laia Puig hizo el estreno mundial de la obra in\u00e9dita &#8220;Concerto Libero&#8221; de Xavier Montsalvatge en el Festival Castell de Peralada, el verano de 2012.<\/p>\n<p><span style=\"color: #ffffff;\">.<\/span><\/p>\n<p style=\"text-align: justify;\">Desde sus inicios lleva a cabo una intensa actividad orquestal siendo miembro de la Joven Orquestra Simf\u00f2nica de Catalunya, violonchelo principal de la JONDE, European Union Youth Orchestra y Gustav Mahler Jugendorchester. Colabora regularmente con la Orquestra de Cadaqu\u00e9s, Orquestra Simf\u00f2nica de Barcelona i Nacional de Catalunya, Orquestra Sinf\u00f3nica del Gran Teatre del Liceu, Orquesta Da Camera, Barcelona 216, Konzerthaus Orchester Berlin, Orquesta Sinf\u00f3nica de Euskadi y Simfonieorchester Basel. Durante la temporada 2008\/09 fue contratada por la Orquesta Sinf\u00f3nica de Castilla y Le\u00f3n para ocupar la plaza de asistente de solista. Durante su carrera ha trabajado con directores tan prestigiosos como Claudio Abbado, Carlo Maria Giulini, Sir Colin Davis, Vladimir Ashkenazy, Bernhard Haitink, Sir Neville Marriner, Pierre Boulez, entre otros.<\/p>\n<p><span style=\"color: #ffffff;\">.<\/span><\/p>\n<p style=\"text-align: justify;\">Ha sido premiada en numerosas ocasiones en los concursos Germans Claret, Concurso Nacional Ciudad de X\u00e0tiva, Concurso Internacional de Llanes y Primer Palau de Barcelona.<\/p>\n<p><span style=\"color: #ffffff;\">.<\/span><\/p>\n<p style=\"text-align: justify;\">Las grabaciones en directo de sus recitales para Catalunya M\u00fasica han sido retransmitidas por la Uni\u00f3n Europea de Radiodifusi\u00f3n.<\/p>\n<p><span style=\"color: #ffffff;\">.<\/span><\/p>\n<p style=\"text-align: justify;\">Actualmente compagina la interpretaci\u00f3n con la docencia en el Conservatorio Superior de M\u00fasica de Arag\u00f3n. Anteriormente hab\u00eda trabajado como docente en el Conservatorio Superior de M\u00fasica de las Islas Baleares, el Conservatorio Profesional del Liceo y el Conservatorio de Cervera. Es miembro del cuarteto de violonchelos Les Mademoicelli. Ha sido violonchelo principal y directora art\u00edstica de la Camerata432 del 2009 al 2016.<\/p>\n<p><span style=\"color: #ffffff;\">.<\/span><\/p>\n","protected":false},"excerpt":{"rendered":"<p>. Nacida en Cervera (Lleida), inicia sus estudios musicales a los seis a\u00f1os bajo la maestr\u00eda de Mar\u00e7al Cervera, Sergi Boadella, Richard Talkowsky y Cristian&#8230;<\/p>\n","protected":false},"author":3,"featured_media":24851,"comment_status":"open","ping_status":"open","sticky":false,"template":"","format":"standard","meta":{"footnotes":""},"categories":[397],"tags":[],"class_list":["post-16900","post","type-post","status-publish","format-standard","has-post-thumbnail","hentry","category-profesorado-cuerda"],"yoast_head":"<!-- This site is optimized with the Yoast SEO plugin v27.5 - https:\/\/yoast.com\/product\/yoast-seo-wordpress\/ -->\n<title>LAIA PUIG TORNE - CSMA<\/title>\n<meta name=\"robots\" content=\"index, follow, max-snippet:-1, max-image-preview:large, max-video-preview:-1\" \/>\n<link rel=\"canonical\" href=\"https:\/\/csma.es\/profesorado\/laia-puig\/\" \/>\n<meta property=\"og:locale\" content=\"en_US\" \/>\n<meta property=\"og:type\" content=\"article\" \/>\n<meta property=\"og:title\" content=\"LAIA PUIG TORNE - CSMA\" \/>\n<meta property=\"og:description\" content=\". Nacida en Cervera (Lleida), inicia sus estudios musicales a los seis a\u00f1os bajo la maestr\u00eda de Mar\u00e7al Cervera, Sergi Boadella, Richard Talkowsky y Cristian...\" \/>\n<meta property=\"og:url\" content=\"https:\/\/csma.es\/profesorado\/laia-puig\/\" \/>\n<meta property=\"og:site_name\" content=\"CSMA\" \/>\n<meta property=\"article:publisher\" content=\"https:\/\/www.facebook.com\/CSMAragon\/\" \/>\n<meta property=\"article:published_time\" content=\"2019-02-26T14:42:49+00:00\" \/>\n<meta property=\"article:modified_time\" content=\"2024-05-20T11:12:05+00:00\" \/>\n<meta property=\"og:image\" content=\"https:\/\/csma.es\/wp-content\/uploads\/2023\/09\/Laia-Puig-BAJA-scaled.jpg\" \/>\n\t<meta property=\"og:image:width\" content=\"1708\" \/>\n\t<meta property=\"og:image:height\" content=\"2560\" \/>\n\t<meta property=\"og:image:type\" content=\"image\/jpeg\" \/>\n<meta name=\"author\" content=\"TICS CSMA\" \/>\n<meta name=\"twitter:card\" content=\"summary_large_image\" \/>\n<meta name=\"twitter:creator\" content=\"@csmaconser\" \/>\n<meta name=\"twitter:site\" content=\"@csmaconser\" \/>\n<meta name=\"twitter:label1\" content=\"Written by\" \/>\n\t<meta name=\"twitter:data1\" content=\"TICS CSMA\" \/>\n\t<meta name=\"twitter:label2\" content=\"Est. reading time\" \/>\n\t<meta name=\"twitter:data2\" content=\"2 minutes\" \/>\n<script type=\"application\/ld+json\" class=\"yoast-schema-graph\">{\"@context\":\"https:\\\/\\\/schema.org\",\"@graph\":[{\"@type\":\"Article\",\"@id\":\"https:\\\/\\\/csma.es\\\/profesorado\\\/laia-puig\\\/#article\",\"isPartOf\":{\"@id\":\"https:\\\/\\\/csma.es\\\/profesorado\\\/laia-puig\\\/\"},\"author\":{\"name\":\"TICS CSMA\",\"@id\":\"https:\\\/\\\/csma.es\\\/#\\\/schema\\\/person\\\/dd9e345cd1ec5925a5e8927a0cb3fc69\"},\"headline\":\"LAIA PUIG TORNE\",\"datePublished\":\"2019-02-26T14:42:49+00:00\",\"dateModified\":\"2024-05-20T11:12:05+00:00\",\"mainEntityOfPage\":{\"@id\":\"https:\\\/\\\/csma.es\\\/profesorado\\\/laia-puig\\\/\"},\"wordCount\":402,\"commentCount\":0,\"publisher\":{\"@id\":\"https:\\\/\\\/csma.es\\\/#organization\"},\"image\":{\"@id\":\"https:\\\/\\\/csma.es\\\/profesorado\\\/laia-puig\\\/#primaryimage\"},\"thumbnailUrl\":\"https:\\\/\\\/csma.es\\\/wp-content\\\/uploads\\\/2023\\\/09\\\/Laia-Puig-BAJA-scaled.jpg\",\"articleSection\":[\"Profesorado cuerda\"],\"inLanguage\":\"en-US\",\"potentialAction\":[{\"@type\":\"CommentAction\",\"name\":\"Comment\",\"target\":[\"https:\\\/\\\/csma.es\\\/profesorado\\\/laia-puig\\\/#respond\"]}]},{\"@type\":\"WebPage\",\"@id\":\"https:\\\/\\\/csma.es\\\/profesorado\\\/laia-puig\\\/\",\"url\":\"https:\\\/\\\/csma.es\\\/profesorado\\\/laia-puig\\\/\",\"name\":\"LAIA PUIG TORNE - CSMA\",\"isPartOf\":{\"@id\":\"https:\\\/\\\/csma.es\\\/#website\"},\"primaryImageOfPage\":{\"@id\":\"https:\\\/\\\/csma.es\\\/profesorado\\\/laia-puig\\\/#primaryimage\"},\"image\":{\"@id\":\"https:\\\/\\\/csma.es\\\/profesorado\\\/laia-puig\\\/#primaryimage\"},\"thumbnailUrl\":\"https:\\\/\\\/csma.es\\\/wp-content\\\/uploads\\\/2023\\\/09\\\/Laia-Puig-BAJA-scaled.jpg\",\"datePublished\":\"2019-02-26T14:42:49+00:00\",\"dateModified\":\"2024-05-20T11:12:05+00:00\",\"breadcrumb\":{\"@id\":\"https:\\\/\\\/csma.es\\\/profesorado\\\/laia-puig\\\/#breadcrumb\"},\"inLanguage\":\"en-US\",\"potentialAction\":[{\"@type\":\"ReadAction\",\"target\":[\"https:\\\/\\\/csma.es\\\/profesorado\\\/laia-puig\\\/\"]}]},{\"@type\":\"ImageObject\",\"inLanguage\":\"en-US\",\"@id\":\"https:\\\/\\\/csma.es\\\/profesorado\\\/laia-puig\\\/#primaryimage\",\"url\":\"https:\\\/\\\/csma.es\\\/wp-content\\\/uploads\\\/2023\\\/09\\\/Laia-Puig-BAJA-scaled.jpg\",\"contentUrl\":\"https:\\\/\\\/csma.es\\\/wp-content\\\/uploads\\\/2023\\\/09\\\/Laia-Puig-BAJA-scaled.jpg\",\"width\":1708,\"height\":2560},{\"@type\":\"BreadcrumbList\",\"@id\":\"https:\\\/\\\/csma.es\\\/profesorado\\\/laia-puig\\\/#breadcrumb\",\"itemListElement\":[{\"@type\":\"ListItem\",\"position\":1,\"name\":\"Portada\",\"item\":\"https:\\\/\\\/csma.es\\\/en\\\/\"},{\"@type\":\"ListItem\",\"position\":2,\"name\":\"LAIA PUIG TORNE\"}]},{\"@type\":\"WebSite\",\"@id\":\"https:\\\/\\\/csma.es\\\/#website\",\"url\":\"https:\\\/\\\/csma.es\\\/\",\"name\":\"CSMA\",\"description\":\"Conservatorio Superior de M\u00fasica de Arag\u00f3n\",\"publisher\":{\"@id\":\"https:\\\/\\\/csma.es\\\/#organization\"},\"potentialAction\":[{\"@type\":\"SearchAction\",\"target\":{\"@type\":\"EntryPoint\",\"urlTemplate\":\"https:\\\/\\\/csma.es\\\/?s={search_term_string}\"},\"query-input\":{\"@type\":\"PropertyValueSpecification\",\"valueRequired\":true,\"valueName\":\"search_term_string\"}}],\"inLanguage\":\"en-US\"},{\"@type\":\"Organization\",\"@id\":\"https:\\\/\\\/csma.es\\\/#organization\",\"name\":\"Conservatorio Superior de M\u00fasica de Arag\u00f3n\",\"url\":\"https:\\\/\\\/csma.es\\\/\",\"logo\":{\"@type\":\"ImageObject\",\"inLanguage\":\"en-US\",\"@id\":\"https:\\\/\\\/csma.es\\\/#\\\/schema\\\/logo\\\/image\\\/\",\"url\":\"https:\\\/\\\/csma.es\\\/wp-content\\\/uploads\\\/2025\\\/04\\\/cropped-logo-csma-40anos-vertical-sintexto-positivo.png\",\"contentUrl\":\"https:\\\/\\\/csma.es\\\/wp-content\\\/uploads\\\/2025\\\/04\\\/cropped-logo-csma-40anos-vertical-sintexto-positivo.png\",\"width\":512,\"height\":512,\"caption\":\"Conservatorio Superior de M\u00fasica de Arag\u00f3n\"},\"image\":{\"@id\":\"https:\\\/\\\/csma.es\\\/#\\\/schema\\\/logo\\\/image\\\/\"},\"sameAs\":[\"https:\\\/\\\/www.facebook.com\\\/CSMAragon\\\/\",\"https:\\\/\\\/x.com\\\/csmaconser\",\"https:\\\/\\\/www.instagram.com\\\/csmaragon\\\/\",\"https:\\\/\\\/www.youtube.com\\\/channel\\\/UCcsLLtgZJUhz11-3Aj1sv3w\"]},{\"@type\":\"Person\",\"@id\":\"https:\\\/\\\/csma.es\\\/#\\\/schema\\\/person\\\/dd9e345cd1ec5925a5e8927a0cb3fc69\",\"name\":\"TICS CSMA\"}]}<\/script>\n<!-- \/ Yoast SEO plugin. -->","yoast_head_json":{"title":"LAIA PUIG TORNE - CSMA","robots":{"index":"index","follow":"follow","max-snippet":"max-snippet:-1","max-image-preview":"max-image-preview:large","max-video-preview":"max-video-preview:-1"},"canonical":"https:\/\/csma.es\/profesorado\/laia-puig\/","og_locale":"en_US","og_type":"article","og_title":"LAIA PUIG TORNE - CSMA","og_description":". Nacida en Cervera (Lleida), inicia sus estudios musicales a los seis a\u00f1os bajo la maestr\u00eda de Mar\u00e7al Cervera, Sergi Boadella, Richard Talkowsky y Cristian...","og_url":"https:\/\/csma.es\/profesorado\/laia-puig\/","og_site_name":"CSMA","article_publisher":"https:\/\/www.facebook.com\/CSMAragon\/","article_published_time":"2019-02-26T14:42:49+00:00","article_modified_time":"2024-05-20T11:12:05+00:00","og_image":[{"width":1708,"height":2560,"url":"https:\/\/csma.es\/wp-content\/uploads\/2023\/09\/Laia-Puig-BAJA-scaled.jpg","type":"image\/jpeg"}],"author":"TICS CSMA","twitter_card":"summary_large_image","twitter_creator":"@csmaconser","twitter_site":"@csmaconser","twitter_misc":{"Written by":"TICS CSMA","Est. reading time":"2 minutes"},"schema":{"@context":"https:\/\/schema.org","@graph":[{"@type":"Article","@id":"https:\/\/csma.es\/profesorado\/laia-puig\/#article","isPartOf":{"@id":"https:\/\/csma.es\/profesorado\/laia-puig\/"},"author":{"name":"TICS CSMA","@id":"https:\/\/csma.es\/#\/schema\/person\/dd9e345cd1ec5925a5e8927a0cb3fc69"},"headline":"LAIA PUIG TORNE","datePublished":"2019-02-26T14:42:49+00:00","dateModified":"2024-05-20T11:12:05+00:00","mainEntityOfPage":{"@id":"https:\/\/csma.es\/profesorado\/laia-puig\/"},"wordCount":402,"commentCount":0,"publisher":{"@id":"https:\/\/csma.es\/#organization"},"image":{"@id":"https:\/\/csma.es\/profesorado\/laia-puig\/#primaryimage"},"thumbnailUrl":"https:\/\/csma.es\/wp-content\/uploads\/2023\/09\/Laia-Puig-BAJA-scaled.jpg","articleSection":["Profesorado cuerda"],"inLanguage":"en-US","potentialAction":[{"@type":"CommentAction","name":"Comment","target":["https:\/\/csma.es\/profesorado\/laia-puig\/#respond"]}]},{"@type":"WebPage","@id":"https:\/\/csma.es\/profesorado\/laia-puig\/","url":"https:\/\/csma.es\/profesorado\/laia-puig\/","name":"LAIA PUIG TORNE - CSMA","isPartOf":{"@id":"https:\/\/csma.es\/#website"},"primaryImageOfPage":{"@id":"https:\/\/csma.es\/profesorado\/laia-puig\/#primaryimage"},"image":{"@id":"https:\/\/csma.es\/profesorado\/laia-puig\/#primaryimage"},"thumbnailUrl":"https:\/\/csma.es\/wp-content\/uploads\/2023\/09\/Laia-Puig-BAJA-scaled.jpg","datePublished":"2019-02-26T14:42:49+00:00","dateModified":"2024-05-20T11:12:05+00:00","breadcrumb":{"@id":"https:\/\/csma.es\/profesorado\/laia-puig\/#breadcrumb"},"inLanguage":"en-US","potentialAction":[{"@type":"ReadAction","target":["https:\/\/csma.es\/profesorado\/laia-puig\/"]}]},{"@type":"ImageObject","inLanguage":"en-US","@id":"https:\/\/csma.es\/profesorado\/laia-puig\/#primaryimage","url":"https:\/\/csma.es\/wp-content\/uploads\/2023\/09\/Laia-Puig-BAJA-scaled.jpg","contentUrl":"https:\/\/csma.es\/wp-content\/uploads\/2023\/09\/Laia-Puig-BAJA-scaled.jpg","width":1708,"height":2560},{"@type":"BreadcrumbList","@id":"https:\/\/csma.es\/profesorado\/laia-puig\/#breadcrumb","itemListElement":[{"@type":"ListItem","position":1,"name":"Portada","item":"https:\/\/csma.es\/en\/"},{"@type":"ListItem","position":2,"name":"LAIA PUIG TORNE"}]},{"@type":"WebSite","@id":"https:\/\/csma.es\/#website","url":"https:\/\/csma.es\/","name":"CSMA","description":"Conservatorio Superior de M\u00fasica de Arag\u00f3n","publisher":{"@id":"https:\/\/csma.es\/#organization"},"potentialAction":[{"@type":"SearchAction","target":{"@type":"EntryPoint","urlTemplate":"https:\/\/csma.es\/?s={search_term_string}"},"query-input":{"@type":"PropertyValueSpecification","valueRequired":true,"valueName":"search_term_string"}}],"inLanguage":"en-US"},{"@type":"Organization","@id":"https:\/\/csma.es\/#organization","name":"Conservatorio Superior de M\u00fasica de Arag\u00f3n","url":"https:\/\/csma.es\/","logo":{"@type":"ImageObject","inLanguage":"en-US","@id":"https:\/\/csma.es\/#\/schema\/logo\/image\/","url":"https:\/\/csma.es\/wp-content\/uploads\/2025\/04\/cropped-logo-csma-40anos-vertical-sintexto-positivo.png","contentUrl":"https:\/\/csma.es\/wp-content\/uploads\/2025\/04\/cropped-logo-csma-40anos-vertical-sintexto-positivo.png","width":512,"height":512,"caption":"Conservatorio Superior de M\u00fasica de Arag\u00f3n"},"image":{"@id":"https:\/\/csma.es\/#\/schema\/logo\/image\/"},"sameAs":["https:\/\/www.facebook.com\/CSMAragon\/","https:\/\/x.com\/csmaconser","https:\/\/www.instagram.com\/csmaragon\/","https:\/\/www.youtube.com\/channel\/UCcsLLtgZJUhz11-3Aj1sv3w"]},{"@type":"Person","@id":"https:\/\/csma.es\/#\/schema\/person\/dd9e345cd1ec5925a5e8927a0cb3fc69","name":"TICS CSMA"}]}},"publishpress_future_action":{"enabled":false,"date":"2026-05-07 09:40:13","action":"change-status","newStatus":"draft","terms":[],"taxonomy":"category","extraData":[]},"publishpress_future_workflow_manual_trigger":{"enabledWorkflows":[]},"_links":{"self":[{"href":"https:\/\/csma.es\/en\/wp-json\/wp\/v2\/posts\/16900","targetHints":{"allow":["GET"]}}],"collection":[{"href":"https:\/\/csma.es\/en\/wp-json\/wp\/v2\/posts"}],"about":[{"href":"https:\/\/csma.es\/en\/wp-json\/wp\/v2\/types\/post"}],"author":[{"embeddable":true,"href":"https:\/\/csma.es\/en\/wp-json\/wp\/v2\/users\/3"}],"replies":[{"embeddable":true,"href":"https:\/\/csma.es\/en\/wp-json\/wp\/v2\/comments?post=16900"}],"version-history":[{"count":0,"href":"https:\/\/csma.es\/en\/wp-json\/wp\/v2\/posts\/16900\/revisions"}],"wp:featuredmedia":[{"embeddable":true,"href":"https:\/\/csma.es\/en\/wp-json\/wp\/v2\/media\/24851"}],"wp:attachment":[{"href":"https:\/\/csma.es\/en\/wp-json\/wp\/v2\/media?parent=16900"}],"wp:term":[{"taxonomy":"category","embeddable":true,"href":"https:\/\/csma.es\/en\/wp-json\/wp\/v2\/categories?post=16900"},{"taxonomy":"post_tag","embeddable":true,"href":"https:\/\/csma.es\/en\/wp-json\/wp\/v2\/tags?post=16900"}],"curies":[{"name":"wp","href":"https:\/\/api.w.org\/{rel}","templated":true}]}}