{"id":16706,"date":"2019-01-24T20:16:05","date_gmt":"2019-01-24T19:16:05","guid":{"rendered":"https:\/\/csma.es\/?p=16706"},"modified":"2025-12-12T10:24:08","modified_gmt":"2025-12-12T09:24:08","slug":"nacho-de-paz","status":"publish","type":"post","link":"https:\/\/csma.es\/en\/profesorado-proyectos-instrumentales-y-composicion\/nacho-de-paz\/","title":{"rendered":"NACHO DE PAZ S\u00c1NCHEZ"},"content":{"rendered":"<div class=\"page\" title=\"Page 1\">\n<div class=\"layoutArea\">\n<div class=\"column\">\n<p style=\"text-align: justify;\">El director Nacho de Paz (Oviedo, 1974) es particularmente reconocido por su especializaci\u00f3n en la m\u00fasica de los siglos XX y XXI. Su trabajo en el repertorio experimental de nueva creaci\u00f3n es de referencia en Espa\u00f1a. Formado en la escuela rusa (con Natalia Mazoun, Ilya Goldfarb, Tsiala Kvernadze), es titulado superior en piano por el Conservatorio Superior del Principado de Asturias y en composici\u00f3n por el Conservatorio Superior Municipal de Barcelona, obteniendo las m\u00e1ximas calificaciones. As\u00ed mismo ha realizado estudios de doctorado en Historia del Arte y Musicolog\u00eda en la Universidad Aut\u00f3noma de Barcelona y en la Universidad Complutense de Madrid. Ha sido galardonado con los Premios Internacionales de Composici\u00f3n Joan Guinjoan (2002), Luigi Russolo (2003), SGAE de electroac\u00fastica (2004) y SGAE-CullerArts (2021).<\/p>\n<p style=\"text-align: justify;\">\nSe form\u00f3 en direcci\u00f3n de orquesta con Arturo Tamayo y Pierre Boulez (1997-2005). De 2000 a 2006 fue asistente habitual de Arturo Tamayo. Becado por el Gobierno Alem\u00e1n y elegido como director musical por el Ensemble Modern, realiz\u00f3 un Master en M\u00fasica Contempor\u00e1nea en la Universidad de Frankfurt (2006). En el a\u00f1o 2015 le fue concedida una Beca \u201cLeonardo\u201d a Investigadores y Creadores Culturales por la Fundaci\u00f3n BBVA.<\/p>\n<p style=\"text-align: justify;\">\nHa dirigido m\u00e1s de 500 estrenos mundiales as\u00ed como las primeras interpretaciones en Espa\u00f1a de obras emblem\u00e1ticas como \u201cPrometeo\u201d de Luigi Nono y \u201cGruppen\u201d de Karlheinz Stockhausen. Solicitado frecuentemente por los compositores de nuestro tiempo, ha colaborado con autores como Sylvano Bussotti, Pierre Boulez, Luis de Pablo, Joan Guinjoan, Jos\u00e9 Luis de Del\u00e1s, Felix Ibarrondo, Crist\u00f3bal Halffter, Tom\u00e1s Marco, Magnus Lindberg, Salvatore Sciarrino, Stefano Gervasoni, Aureliano Cattaneo, Bernhard Lang, Philippe Manoury, Philippe Schoeller, Olga Neuwirth, Franck Bedrossian, Klaus Huber, Hilda Paredes, Heiner Goebbels, Alexander Radvilovich, Jos\u00e9 Manuel L\u00f3pez-L\u00f3pez, Jos\u00e9 M. S\u00e1nchez-Verd\u00fa, Fabi\u00e1n Panisello, Jes\u00fas Torres, Alberto Posadas, Agust\u00ed Charles, Ramon Humet, Gabriel Erkoreka, Mar\u00eda de Alvear, Ramon Lazkano, Yan Maresz, Hans Abrahamsen, Johannes Maria Staud, Sarah Nemtsov, Lorenzo Troiani, Andreas Eduardo Frank, Anahita Abbasi, Vassos Nicolaou, Zesses Seglias, Alexandra Karastoyanova-Hermentin, V\u00edctor Ibarra, David Fennessy, Elisabeth Harnik, Wolfram Schurig, Tobias Schwencke, Clara Iannotta, Januibe Tejera, Alexander Kaiser, Joan Magran\u00e9, Mikel Urquiza, Donghoon Shin, Eneko Vadillo, Joseba Torre, Isabel Urrutia, Sergio Blardony, Juanjo Eslava, Zuri\u00f1e F. Gerenabarrena, Hugo G\u00f3mez Chao y Aur\u00e8lio Edler-Copes, entre otros, incluyendo a las generaciones m\u00e1s j\u00f3venes.<\/p>\n<p style=\"text-align: justify;\">\nEs director invitado habitual de PHACE en Viena y ha dirigido a la Orquesta y Coro Nacionales de Espa\u00f1a, Orquesta Sinf\u00f3nica de Madrid (Teatro Real), Orquesta de la Comunidad de Madrid, Joven Orquesta Nacional de Espa\u00f1a, Orquestra Simf\u00f2nica de Barcelona i Nacional de Catalunya, Orquesta Sinf\u00f3nica de Euskadi, Orquesta Sinf\u00f3nica de Bilbao, Orquesta Sinf\u00f3nica de Castilla y Le\u00f3n, Real Filharmon\u00eda de Galicia, Oviedo Filarmon\u00eda, Real Orquesta Sinf\u00f3nica de Sevilla, Orquesta de Valencia, Orquesta del Teatro Nacional Sao Carlos de Lisboa, Orchestre Philarmonique du Luxembourg, Netherlands Radio Symphony Orchestra, Ensemble Intercontemporain (Par\u00eds), M\u00fcnchener Kammerorchester, Ensemble Modern (Frankfurt), Ensemble musikFabrik (K\u00f6ln), Klangforum Wien, Vertixe Sonora, Ensemble Recherche, Neue Vocalsolisten Stuttgart, Synergy Vocals y el coro Accentus (Par\u00eds), entre otras agrupaciones.<\/p>\n<p style=\"text-align: justify;\">\nColabora con ARTE tv Cine-Concert, 2eleven music-film y Europ\u00e4ische FilmPhilharmonie en la grabaci\u00f3n e interpretaci\u00f3n de partituras compuestas para cine mudo del siglo XX. Ha grabado para sellos y televisiones como ZDF, ARTE, Hessischer Rundfunk, ORF-1, TVE, Timpani Records, Claves, Verso, Sello OCNE, NEOS, KAIROS, Stradivarius, Col Legno, IBS Classical y Verso entre otros.<\/p>\n<p style=\"text-align: justify;\">\nHa realizado recuperaciones editoriales y audiovisuales de patrimonio l\u00edrico espa\u00f1ol en colaboraci\u00f3n con la Fundaci\u00f3n Guerrero y el Centro de Documentaci\u00f3n y Archivo (CEDOA) de la SGAE. Dichos trabajos se han traducido en estrenos en tiempos modernos, en nuevos arreglos y versiones musicales. Entre ellos, \u201cEl terrible P\u00e9rez\u201d recibi\u00f3 el Premio L\u00edrico Campoamor como mejor producci\u00f3n de \u00f3pera espa\u00f1ola o zarzuela (2015).<\/p>\n<p style=\"text-align: justify;\">\nParalelamente, Nacho de Paz desarrolla una importante labor educativa en colaboraci\u00f3n con diferentes museos y universidades, as\u00ed como con instituciones musicales de referencia en San Sebasti\u00e1n, Zaragoza, Barcelona y Madrid. Desde 2005 hasta 2016 ocup\u00f3 la c\u00e1tedra de An\u00e1lisis de M\u00fasica Contempor\u00e1nea del Conservatorio Superior de M\u00fasica de Arag\u00f3n. Actualmente mantiene el v\u00ednculo con dicho centro dirigiendo su Academia para la Nueva M\u00fasica (CSMA).<\/p>\n<p style=\"text-align: justify;\">\nRecientes y pr\u00f3ximos compromisos incluyen colaboraciones con M\u00fcnchener Kammerorchester, Salzburger Festspiele, Teatro Real, Wiener Konzerthaus, ARTE tv, Orquesta y Coro Nacionales de Espa\u00f1a, Orquesta Sinf\u00f3nica de Bilbao, Orquesta de Valencia, Ensemble Intercontemporain, Ensemble PHACE, Ensemble Recherche, Vertixe Sonora, Aspekte Festival Salzburg, Elbphilharmonie Hamburg, Kampnagel Hamburg, Barbican Centre London, Resis Festival, Philharmonie Luxembourg, Berliner Festspiele, Wien Modern, Sampler Series-L\u2019Auditori, Alte Oper Frankfurt, Oper Graz, Teatro de la Maestranza y la Orquestra Simf\u00f2nica de Barcelona i Nacional de Catalunya.<\/p>\n<p><span style=\"color: #ffffff;\">.<\/span><\/p>\n<\/div>\n<\/div>\n<\/div>\n","protected":false},"excerpt":{"rendered":"<p>El director Nacho de Paz (Oviedo, 1974) es particularmente reconocido por su especializaci\u00f3n en la m\u00fasica de los siglos XX y XXI. Su trabajo en&#8230;<\/p>\n","protected":false},"author":3,"featured_media":16707,"comment_status":"closed","ping_status":"closed","sticky":false,"template":"","format":"standard","meta":{"footnotes":""},"categories":[438],"tags":[],"class_list":["post-16706","post","type-post","status-publish","format-standard","has-post-thumbnail","hentry","category-profesorado-proyectos-instrumentales-y-composicion"],"yoast_head":"<!-- This site is optimized with the Yoast SEO plugin v27.5 - https:\/\/yoast.com\/product\/yoast-seo-wordpress\/ -->\n<title>NACHO DE PAZ S\u00c1NCHEZ - CSMA<\/title>\n<meta name=\"robots\" content=\"index, follow, max-snippet:-1, max-image-preview:large, max-video-preview:-1\" \/>\n<link rel=\"canonical\" href=\"https:\/\/csma.es\/profesorado-proyectos-instrumentales-y-composicion\/nacho-de-paz\/\" \/>\n<meta property=\"og:locale\" content=\"en_US\" \/>\n<meta property=\"og:type\" content=\"article\" \/>\n<meta property=\"og:title\" content=\"NACHO DE PAZ S\u00c1NCHEZ - CSMA\" \/>\n<meta property=\"og:description\" content=\"El director Nacho de Paz (Oviedo, 1974) es particularmente reconocido por su especializaci\u00f3n en la m\u00fasica de los siglos XX y XXI. Su trabajo en...\" \/>\n<meta property=\"og:url\" content=\"https:\/\/csma.es\/profesorado-proyectos-instrumentales-y-composicion\/nacho-de-paz\/\" \/>\n<meta property=\"og:site_name\" content=\"CSMA\" \/>\n<meta property=\"article:publisher\" content=\"https:\/\/www.facebook.com\/CSMAragon\/\" \/>\n<meta property=\"article:published_time\" content=\"2019-01-24T19:16:05+00:00\" \/>\n<meta property=\"article:modified_time\" content=\"2025-12-12T09:24:08+00:00\" \/>\n<meta property=\"og:image\" content=\"https:\/\/csma.es\/wp-content\/uploads\/2019\/01\/01_NACHO-DE-PAZ-foto-Pablo-Albacete-scaled.jpg\" \/>\n\t<meta property=\"og:image:width\" content=\"2560\" \/>\n\t<meta property=\"og:image:height\" content=\"1856\" \/>\n\t<meta property=\"og:image:type\" content=\"image\/jpeg\" \/>\n<meta name=\"author\" content=\"TICS CSMA\" \/>\n<meta name=\"twitter:card\" content=\"summary_large_image\" \/>\n<meta name=\"twitter:creator\" content=\"@csmaconser\" \/>\n<meta name=\"twitter:site\" content=\"@csmaconser\" \/>\n<meta name=\"twitter:label1\" content=\"Written by\" \/>\n\t<meta name=\"twitter:data1\" content=\"TICS CSMA\" \/>\n\t<meta name=\"twitter:label2\" content=\"Est. reading time\" \/>\n\t<meta name=\"twitter:data2\" content=\"4 minutes\" \/>\n<script type=\"application\/ld+json\" class=\"yoast-schema-graph\">{\"@context\":\"https:\\\/\\\/schema.org\",\"@graph\":[{\"@type\":\"Article\",\"@id\":\"https:\\\/\\\/csma.es\\\/profesorado-proyectos-instrumentales-y-composicion\\\/nacho-de-paz\\\/#article\",\"isPartOf\":{\"@id\":\"https:\\\/\\\/csma.es\\\/profesorado-proyectos-instrumentales-y-composicion\\\/nacho-de-paz\\\/\"},\"author\":{\"name\":\"TICS CSMA\",\"@id\":\"https:\\\/\\\/csma.es\\\/#\\\/schema\\\/person\\\/dd9e345cd1ec5925a5e8927a0cb3fc69\"},\"headline\":\"NACHO DE PAZ S\u00c1NCHEZ\",\"datePublished\":\"2019-01-24T19:16:05+00:00\",\"dateModified\":\"2025-12-12T09:24:08+00:00\",\"mainEntityOfPage\":{\"@id\":\"https:\\\/\\\/csma.es\\\/profesorado-proyectos-instrumentales-y-composicion\\\/nacho-de-paz\\\/\"},\"wordCount\":814,\"publisher\":{\"@id\":\"https:\\\/\\\/csma.es\\\/#organization\"},\"image\":{\"@id\":\"https:\\\/\\\/csma.es\\\/profesorado-proyectos-instrumentales-y-composicion\\\/nacho-de-paz\\\/#primaryimage\"},\"thumbnailUrl\":\"https:\\\/\\\/csma.es\\\/wp-content\\\/uploads\\\/2019\\\/01\\\/01_NACHO-DE-PAZ-foto-Pablo-Albacete-scaled.jpg\",\"articleSection\":[\"Profesorado proyectos\"],\"inLanguage\":\"en-US\"},{\"@type\":\"WebPage\",\"@id\":\"https:\\\/\\\/csma.es\\\/profesorado-proyectos-instrumentales-y-composicion\\\/nacho-de-paz\\\/\",\"url\":\"https:\\\/\\\/csma.es\\\/profesorado-proyectos-instrumentales-y-composicion\\\/nacho-de-paz\\\/\",\"name\":\"NACHO DE PAZ S\u00c1NCHEZ - CSMA\",\"isPartOf\":{\"@id\":\"https:\\\/\\\/csma.es\\\/#website\"},\"primaryImageOfPage\":{\"@id\":\"https:\\\/\\\/csma.es\\\/profesorado-proyectos-instrumentales-y-composicion\\\/nacho-de-paz\\\/#primaryimage\"},\"image\":{\"@id\":\"https:\\\/\\\/csma.es\\\/profesorado-proyectos-instrumentales-y-composicion\\\/nacho-de-paz\\\/#primaryimage\"},\"thumbnailUrl\":\"https:\\\/\\\/csma.es\\\/wp-content\\\/uploads\\\/2019\\\/01\\\/01_NACHO-DE-PAZ-foto-Pablo-Albacete-scaled.jpg\",\"datePublished\":\"2019-01-24T19:16:05+00:00\",\"dateModified\":\"2025-12-12T09:24:08+00:00\",\"breadcrumb\":{\"@id\":\"https:\\\/\\\/csma.es\\\/profesorado-proyectos-instrumentales-y-composicion\\\/nacho-de-paz\\\/#breadcrumb\"},\"inLanguage\":\"en-US\",\"potentialAction\":[{\"@type\":\"ReadAction\",\"target\":[\"https:\\\/\\\/csma.es\\\/profesorado-proyectos-instrumentales-y-composicion\\\/nacho-de-paz\\\/\"]}]},{\"@type\":\"ImageObject\",\"inLanguage\":\"en-US\",\"@id\":\"https:\\\/\\\/csma.es\\\/profesorado-proyectos-instrumentales-y-composicion\\\/nacho-de-paz\\\/#primaryimage\",\"url\":\"https:\\\/\\\/csma.es\\\/wp-content\\\/uploads\\\/2019\\\/01\\\/01_NACHO-DE-PAZ-foto-Pablo-Albacete-scaled.jpg\",\"contentUrl\":\"https:\\\/\\\/csma.es\\\/wp-content\\\/uploads\\\/2019\\\/01\\\/01_NACHO-DE-PAZ-foto-Pablo-Albacete-scaled.jpg\",\"width\":2560,\"height\":1856},{\"@type\":\"BreadcrumbList\",\"@id\":\"https:\\\/\\\/csma.es\\\/profesorado-proyectos-instrumentales-y-composicion\\\/nacho-de-paz\\\/#breadcrumb\",\"itemListElement\":[{\"@type\":\"ListItem\",\"position\":1,\"name\":\"Portada\",\"item\":\"https:\\\/\\\/csma.es\\\/en\\\/\"},{\"@type\":\"ListItem\",\"position\":2,\"name\":\"NACHO DE PAZ S\u00c1NCHEZ\"}]},{\"@type\":\"WebSite\",\"@id\":\"https:\\\/\\\/csma.es\\\/#website\",\"url\":\"https:\\\/\\\/csma.es\\\/\",\"name\":\"CSMA\",\"description\":\"Conservatorio Superior de M\u00fasica de Arag\u00f3n\",\"publisher\":{\"@id\":\"https:\\\/\\\/csma.es\\\/#organization\"},\"potentialAction\":[{\"@type\":\"SearchAction\",\"target\":{\"@type\":\"EntryPoint\",\"urlTemplate\":\"https:\\\/\\\/csma.es\\\/?s={search_term_string}\"},\"query-input\":{\"@type\":\"PropertyValueSpecification\",\"valueRequired\":true,\"valueName\":\"search_term_string\"}}],\"inLanguage\":\"en-US\"},{\"@type\":\"Organization\",\"@id\":\"https:\\\/\\\/csma.es\\\/#organization\",\"name\":\"Conservatorio Superior de M\u00fasica de Arag\u00f3n\",\"url\":\"https:\\\/\\\/csma.es\\\/\",\"logo\":{\"@type\":\"ImageObject\",\"inLanguage\":\"en-US\",\"@id\":\"https:\\\/\\\/csma.es\\\/#\\\/schema\\\/logo\\\/image\\\/\",\"url\":\"https:\\\/\\\/csma.es\\\/wp-content\\\/uploads\\\/2025\\\/04\\\/cropped-logo-csma-40anos-vertical-sintexto-positivo.png\",\"contentUrl\":\"https:\\\/\\\/csma.es\\\/wp-content\\\/uploads\\\/2025\\\/04\\\/cropped-logo-csma-40anos-vertical-sintexto-positivo.png\",\"width\":512,\"height\":512,\"caption\":\"Conservatorio Superior de M\u00fasica de Arag\u00f3n\"},\"image\":{\"@id\":\"https:\\\/\\\/csma.es\\\/#\\\/schema\\\/logo\\\/image\\\/\"},\"sameAs\":[\"https:\\\/\\\/www.facebook.com\\\/CSMAragon\\\/\",\"https:\\\/\\\/x.com\\\/csmaconser\",\"https:\\\/\\\/www.instagram.com\\\/csmaragon\\\/\",\"https:\\\/\\\/www.youtube.com\\\/channel\\\/UCcsLLtgZJUhz11-3Aj1sv3w\"]},{\"@type\":\"Person\",\"@id\":\"https:\\\/\\\/csma.es\\\/#\\\/schema\\\/person\\\/dd9e345cd1ec5925a5e8927a0cb3fc69\",\"name\":\"TICS CSMA\"}]}<\/script>\n<!-- \/ Yoast SEO plugin. -->","yoast_head_json":{"title":"NACHO DE PAZ S\u00c1NCHEZ - CSMA","robots":{"index":"index","follow":"follow","max-snippet":"max-snippet:-1","max-image-preview":"max-image-preview:large","max-video-preview":"max-video-preview:-1"},"canonical":"https:\/\/csma.es\/profesorado-proyectos-instrumentales-y-composicion\/nacho-de-paz\/","og_locale":"en_US","og_type":"article","og_title":"NACHO DE PAZ S\u00c1NCHEZ - CSMA","og_description":"El director Nacho de Paz (Oviedo, 1974) es particularmente reconocido por su especializaci\u00f3n en la m\u00fasica de los siglos XX y XXI. Su trabajo en...","og_url":"https:\/\/csma.es\/profesorado-proyectos-instrumentales-y-composicion\/nacho-de-paz\/","og_site_name":"CSMA","article_publisher":"https:\/\/www.facebook.com\/CSMAragon\/","article_published_time":"2019-01-24T19:16:05+00:00","article_modified_time":"2025-12-12T09:24:08+00:00","og_image":[{"width":2560,"height":1856,"url":"https:\/\/csma.es\/wp-content\/uploads\/2019\/01\/01_NACHO-DE-PAZ-foto-Pablo-Albacete-scaled.jpg","type":"image\/jpeg"}],"author":"TICS CSMA","twitter_card":"summary_large_image","twitter_creator":"@csmaconser","twitter_site":"@csmaconser","twitter_misc":{"Written by":"TICS CSMA","Est. reading time":"4 minutes"},"schema":{"@context":"https:\/\/schema.org","@graph":[{"@type":"Article","@id":"https:\/\/csma.es\/profesorado-proyectos-instrumentales-y-composicion\/nacho-de-paz\/#article","isPartOf":{"@id":"https:\/\/csma.es\/profesorado-proyectos-instrumentales-y-composicion\/nacho-de-paz\/"},"author":{"name":"TICS CSMA","@id":"https:\/\/csma.es\/#\/schema\/person\/dd9e345cd1ec5925a5e8927a0cb3fc69"},"headline":"NACHO DE PAZ S\u00c1NCHEZ","datePublished":"2019-01-24T19:16:05+00:00","dateModified":"2025-12-12T09:24:08+00:00","mainEntityOfPage":{"@id":"https:\/\/csma.es\/profesorado-proyectos-instrumentales-y-composicion\/nacho-de-paz\/"},"wordCount":814,"publisher":{"@id":"https:\/\/csma.es\/#organization"},"image":{"@id":"https:\/\/csma.es\/profesorado-proyectos-instrumentales-y-composicion\/nacho-de-paz\/#primaryimage"},"thumbnailUrl":"https:\/\/csma.es\/wp-content\/uploads\/2019\/01\/01_NACHO-DE-PAZ-foto-Pablo-Albacete-scaled.jpg","articleSection":["Profesorado proyectos"],"inLanguage":"en-US"},{"@type":"WebPage","@id":"https:\/\/csma.es\/profesorado-proyectos-instrumentales-y-composicion\/nacho-de-paz\/","url":"https:\/\/csma.es\/profesorado-proyectos-instrumentales-y-composicion\/nacho-de-paz\/","name":"NACHO DE PAZ S\u00c1NCHEZ - CSMA","isPartOf":{"@id":"https:\/\/csma.es\/#website"},"primaryImageOfPage":{"@id":"https:\/\/csma.es\/profesorado-proyectos-instrumentales-y-composicion\/nacho-de-paz\/#primaryimage"},"image":{"@id":"https:\/\/csma.es\/profesorado-proyectos-instrumentales-y-composicion\/nacho-de-paz\/#primaryimage"},"thumbnailUrl":"https:\/\/csma.es\/wp-content\/uploads\/2019\/01\/01_NACHO-DE-PAZ-foto-Pablo-Albacete-scaled.jpg","datePublished":"2019-01-24T19:16:05+00:00","dateModified":"2025-12-12T09:24:08+00:00","breadcrumb":{"@id":"https:\/\/csma.es\/profesorado-proyectos-instrumentales-y-composicion\/nacho-de-paz\/#breadcrumb"},"inLanguage":"en-US","potentialAction":[{"@type":"ReadAction","target":["https:\/\/csma.es\/profesorado-proyectos-instrumentales-y-composicion\/nacho-de-paz\/"]}]},{"@type":"ImageObject","inLanguage":"en-US","@id":"https:\/\/csma.es\/profesorado-proyectos-instrumentales-y-composicion\/nacho-de-paz\/#primaryimage","url":"https:\/\/csma.es\/wp-content\/uploads\/2019\/01\/01_NACHO-DE-PAZ-foto-Pablo-Albacete-scaled.jpg","contentUrl":"https:\/\/csma.es\/wp-content\/uploads\/2019\/01\/01_NACHO-DE-PAZ-foto-Pablo-Albacete-scaled.jpg","width":2560,"height":1856},{"@type":"BreadcrumbList","@id":"https:\/\/csma.es\/profesorado-proyectos-instrumentales-y-composicion\/nacho-de-paz\/#breadcrumb","itemListElement":[{"@type":"ListItem","position":1,"name":"Portada","item":"https:\/\/csma.es\/en\/"},{"@type":"ListItem","position":2,"name":"NACHO DE PAZ S\u00c1NCHEZ"}]},{"@type":"WebSite","@id":"https:\/\/csma.es\/#website","url":"https:\/\/csma.es\/","name":"CSMA","description":"Conservatorio Superior de M\u00fasica de Arag\u00f3n","publisher":{"@id":"https:\/\/csma.es\/#organization"},"potentialAction":[{"@type":"SearchAction","target":{"@type":"EntryPoint","urlTemplate":"https:\/\/csma.es\/?s={search_term_string}"},"query-input":{"@type":"PropertyValueSpecification","valueRequired":true,"valueName":"search_term_string"}}],"inLanguage":"en-US"},{"@type":"Organization","@id":"https:\/\/csma.es\/#organization","name":"Conservatorio Superior de M\u00fasica de Arag\u00f3n","url":"https:\/\/csma.es\/","logo":{"@type":"ImageObject","inLanguage":"en-US","@id":"https:\/\/csma.es\/#\/schema\/logo\/image\/","url":"https:\/\/csma.es\/wp-content\/uploads\/2025\/04\/cropped-logo-csma-40anos-vertical-sintexto-positivo.png","contentUrl":"https:\/\/csma.es\/wp-content\/uploads\/2025\/04\/cropped-logo-csma-40anos-vertical-sintexto-positivo.png","width":512,"height":512,"caption":"Conservatorio Superior de M\u00fasica de Arag\u00f3n"},"image":{"@id":"https:\/\/csma.es\/#\/schema\/logo\/image\/"},"sameAs":["https:\/\/www.facebook.com\/CSMAragon\/","https:\/\/x.com\/csmaconser","https:\/\/www.instagram.com\/csmaragon\/","https:\/\/www.youtube.com\/channel\/UCcsLLtgZJUhz11-3Aj1sv3w"]},{"@type":"Person","@id":"https:\/\/csma.es\/#\/schema\/person\/dd9e345cd1ec5925a5e8927a0cb3fc69","name":"TICS CSMA"}]}},"publishpress_future_action":{"enabled":false,"date":"2026-05-06 07:28:41","action":"change-status","newStatus":"draft","terms":[],"taxonomy":"category","extraData":[]},"publishpress_future_workflow_manual_trigger":{"enabledWorkflows":[]},"_links":{"self":[{"href":"https:\/\/csma.es\/en\/wp-json\/wp\/v2\/posts\/16706","targetHints":{"allow":["GET"]}}],"collection":[{"href":"https:\/\/csma.es\/en\/wp-json\/wp\/v2\/posts"}],"about":[{"href":"https:\/\/csma.es\/en\/wp-json\/wp\/v2\/types\/post"}],"author":[{"embeddable":true,"href":"https:\/\/csma.es\/en\/wp-json\/wp\/v2\/users\/3"}],"replies":[{"embeddable":true,"href":"https:\/\/csma.es\/en\/wp-json\/wp\/v2\/comments?post=16706"}],"version-history":[{"count":0,"href":"https:\/\/csma.es\/en\/wp-json\/wp\/v2\/posts\/16706\/revisions"}],"wp:featuredmedia":[{"embeddable":true,"href":"https:\/\/csma.es\/en\/wp-json\/wp\/v2\/media\/16707"}],"wp:attachment":[{"href":"https:\/\/csma.es\/en\/wp-json\/wp\/v2\/media?parent=16706"}],"wp:term":[{"taxonomy":"category","embeddable":true,"href":"https:\/\/csma.es\/en\/wp-json\/wp\/v2\/categories?post=16706"},{"taxonomy":"post_tag","embeddable":true,"href":"https:\/\/csma.es\/en\/wp-json\/wp\/v2\/tags?post=16706"}],"curies":[{"name":"wp","href":"https:\/\/api.w.org\/{rel}","templated":true}]}}